{"id":7252,"date":"2022-03-10T18:34:45","date_gmt":"2022-03-10T21:34:45","guid":{"rendered":"https:\/\/blogs.correiobraziliense.com.br\/capital-sa\/?p=7252"},"modified":"2022-03-14T07:52:20","modified_gmt":"2022-03-14T10:52:20","slug":"luos-e-destravada-na-camara-e-sera-votada-na-proxima-terca","status":"publish","type":"post","link":"https:\/\/blogs.correiobraziliense.com.br\/capital-sa\/2022\/03\/10\/luos-e-destravada-na-camara-e-sera-votada-na-proxima-terca\/","title":{"rendered":"Luos \u00e9 destravada na C\u00e2mara e ser\u00e1 votada na pr\u00f3xima ter\u00e7a"},"content":{"rendered":"<p class=\"p1\">Por Samanta Sallum<\/p>\n<p class=\"p3\"><span class=\"s2\">Depois de 3 anos de discuss\u00f5es e estudos, al\u00e9m de 1 ano tramitando na C\u00e2mara Legislativa, a Lei de Uso e Ocupa\u00e7\u00e3o do Solo (Luos) entrou finalmente na pauta de vota\u00e7\u00e3o dos distritais. Col\u00e9gio de l\u00edderes aprovou hoje o envio do projeto ao plen\u00e1rio. Est\u00e1 marcada para a sess\u00e3o da pr\u00f3xima ter\u00e7a-feira a aprecia\u00e7\u00e3o do texto pelos<span class=\"Apple-converted-space\">\u00a0<\/span>parlamentares.<\/span><\/p>\n<p class=\"p3\"><span class=\"s2\">Para isso, foi necess\u00e1rio apaziguar dois pontos pol\u00eamicos. E j\u00e1 est\u00e1 definido ent\u00e3o que n\u00e3o haver\u00e1 altera\u00e7\u00f5es no uso e ocupa\u00e7\u00e3o do Lago Sul, Lago Norte e Park Way. Ou seja, n\u00e3o ser\u00e3o permitidas novas atividades comerciais. Apenas escrit\u00f3rios de advocacia poder\u00e3o funcionar. E tamb\u00e9m n\u00e3o ser\u00e1 ampliada \u00e0 \u00e1rea residencial do ParkSul.<\/span><\/p>\n<p class=\"p3\"><span class=\"s2\">O presidente da C\u00e2mara Legislativa, Rafael Prudente, fez uma emenda \u00e0 \u00a0Luos para garantir aos moradores a preserva\u00e7\u00e3o dessas \u00e1reas.<\/span><\/p>\n<p>O secret\u00e1rio de Desenvolvimento Urbano e Habitacional do DF, Mateus Oliveira, explicou que a medida \u00e9 resultado do di\u00e1logo intenso do governo com a sociedade e com a C\u00e2mara Legislativa.<\/p>\n<blockquote><p>&#8220;O projeto \u00e9 fruto de um longo per\u00edodo de trabalho, que atentou para todos os crit\u00e9rios t\u00e9cnicos e que passou por audi\u00eancias p\u00fablicas&#8221;, frisou.<\/p><\/blockquote>\n<p>O projeto, encaminhado pelo GDF \u00e0 C\u00e2mara, h\u00e1 1 ano, faz uma revis\u00e3o \u00e0 legisla\u00e7\u00e3o que tinha sido aprovada em 2019, deixada pela gest\u00e3o de Rollemberg. No entanto, foram identificados erros e distor\u00e7\u00f5es no texto em vigor. Assim, foi elaborada uma nova vers\u00e3o para a &#8220;revis\u00e3o de erros&#8221;. \u00a0E ser\u00e1 essa a ser votada na pr\u00f3xima ter\u00e7a-feira.<\/p>\n<p>&nbsp;<\/p>\n<p>&nbsp;<\/p>\n<p>&nbsp;<\/p>\n<p>&nbsp;<\/p>\n","protected":false},"excerpt":{"rendered":"<p>Por Samanta Sallum Depois de 3 anos de discuss\u00f5es e estudos, al\u00e9m de 1 ano tramitando na C\u00e2mara Legislativa, a Lei de Uso e Ocupa\u00e7\u00e3o do Solo (Luos) entrou finalmente na pauta de vota\u00e7\u00e3o dos distritais. Col\u00e9gio de l\u00edderes aprovou hoje o envio do projeto ao plen\u00e1rio. Est\u00e1 marcada para a sess\u00e3o da pr\u00f3xima ter\u00e7a-feira a aprecia\u00e7\u00e3o do texto pelos\u00a0parlamentares. [&hellip;]<\/p>\n","protected":false},"author":125,"featured_media":7255,"comment_status":"open","ping_status":"open","sticky":false,"template":"","format":"standard","meta":{"footnotes":""},"categories":[6],"tags":[931,626,624,625],"class_list":["post-7252","post","type-post","status-publish","format-standard","has-post-thumbnail","hentry","category-coluna-capital-s-a","tag-apreciacao","tag-camara","tag-luos","tag-votacao"],"_links":{"self":[{"href":"https:\/\/blogs.correiobraziliense.com.br\/capital-sa\/wp-json\/wp\/v2\/posts\/7252","targetHints":{"allow":["GET"]}}],"collection":[{"href":"https:\/\/blogs.correiobraziliense.com.br\/capital-sa\/wp-json\/wp\/v2\/posts"}],"about":[{"href":"https:\/\/blogs.correiobraziliense.com.br\/capital-sa\/wp-json\/wp\/v2\/types\/post"}],"author":[{"embeddable":true,"href":"https:\/\/blogs.correiobraziliense.com.br\/capital-sa\/wp-json\/wp\/v2\/users\/125"}],"replies":[{"embeddable":true,"href":"https:\/\/blogs.correiobraziliense.com.br\/capital-sa\/wp-json\/wp\/v2\/comments?post=7252"}],"version-history":[{"count":13,"href":"https:\/\/blogs.correiobraziliense.com.br\/capital-sa\/wp-json\/wp\/v2\/posts\/7252\/revisions"}],"predecessor-version":[{"id":7288,"href":"https:\/\/blogs.correiobraziliense.com.br\/capital-sa\/wp-json\/wp\/v2\/posts\/7252\/revisions\/7288"}],"wp:featuredmedia":[{"embeddable":true,"href":"https:\/\/blogs.correiobraziliense.com.br\/capital-sa\/wp-json\/wp\/v2\/media\/7255"}],"wp:attachment":[{"href":"https:\/\/blogs.correiobraziliense.com.br\/capital-sa\/wp-json\/wp\/v2\/media?parent=7252"}],"wp:term":[{"taxonomy":"category","embeddable":true,"href":"https:\/\/blogs.correiobraziliense.com.br\/capital-sa\/wp-json\/wp\/v2\/categories?post=7252"},{"taxonomy":"post_tag","embeddable":true,"href":"https:\/\/blogs.correiobraziliense.com.br\/capital-sa\/wp-json\/wp\/v2\/tags?post=7252"}],"curies":[{"name":"wp","href":"https:\/\/api.w.org\/{rel}","templated":true}]}}