{"id":7216,"date":"2022-03-08T15:37:18","date_gmt":"2022-03-08T18:37:18","guid":{"rendered":"https:\/\/blogs.correiobraziliense.com.br\/capital-sa\/?p=7216"},"modified":"2022-03-08T22:42:39","modified_gmt":"2022-03-09T01:42:39","slug":"empreendedoras-marcam-dia-da-mulher-no-conecte-se","status":"publish","type":"post","link":"https:\/\/blogs.correiobraziliense.com.br\/capital-sa\/2022\/03\/08\/empreendedoras-marcam-dia-da-mulher-no-conecte-se\/","title":{"rendered":"Empreendedoras marcam Dia da Mulher no Conecte-se"},"content":{"rendered":"<p class=\"p1\">Cerca de 100 mulheres empreendedoras est\u00e3o reunidas nesta semana em Lisboa para o evento Conecte-se. O Brasil marca forte presen\u00e7a. Uma delega\u00e7\u00e3o de 51 empres\u00e1rias brasileiras participa do encontro, que re\u00fane representantes de l\u00edngua portuguesa atuantes em v\u00e1rios pa\u00edses.<\/p>\n<p class=\"p1\">O Distrito Federal conta com uma comitiva de 15 empreendedoras. Participantes da Fran\u00e7a, Angola, Malta, EUA, It\u00e1lia, Portugal e Reino Unido tamb\u00e9m est\u00e3o no evento.<\/p>\n<p class=\"p1\"><span class=\"s1\"><b>Embaixadora Master <\/b><\/span><\/p>\n<p class=\"p1\"><span class=\"s1\">A presidente da C\u00e2mara de Mulheres Empreendedoras da Fecom\u00e9rcio-DF, Beatriz Guimar\u00e3es, foi nomeada Embaixadora Master do Clube Mulheres de Neg\u00f3cios de Portugal, para a regi\u00e3o Centro-Oeste do Brasil. Na foto, Alzira Vieira, diretora do Sebrae DF; Rijarda Ariatoteles, presidente da Clube de Mulheres de Neg\u00f3cios de Portugal; Beatriz Guimar\u00e3es, e Patr\u00edcia Gon\u00e7alves, presidente do evento Conecte-se.<\/span><\/p>\n","protected":false},"excerpt":{"rendered":"<p>Cerca de 100 mulheres empreendedoras est\u00e3o reunidas nesta semana em Lisboa para o evento Conecte-se. O Brasil marca forte presen\u00e7a. Uma delega\u00e7\u00e3o de 51 empres\u00e1rias brasileiras participa do encontro, que re\u00fane representantes de l\u00edngua portuguesa atuantes em v\u00e1rios pa\u00edses. O Distrito Federal conta com uma comitiva de 15 empreendedoras. Participantes da Fran\u00e7a, Angola, Malta, EUA, It\u00e1lia, Portugal e Reino Unido [&hellip;]<\/p>\n","protected":false},"author":125,"featured_media":7220,"comment_status":"open","ping_status":"open","sticky":false,"template":"","format":"standard","meta":{"footnotes":""},"categories":[6],"tags":[922,920,921,141,923,103,2],"class_list":["post-7216","post","type-post","status-publish","format-standard","has-post-thumbnail","hentry","category-coluna-capital-s-a","tag-conecte-se","tag-diadamulher","tag-empreendedoras","tag-evento","tag-lisboa","tag-mulheres","tag-empreendedorismo"],"_links":{"self":[{"href":"https:\/\/blogs.correiobraziliense.com.br\/capital-sa\/wp-json\/wp\/v2\/posts\/7216","targetHints":{"allow":["GET"]}}],"collection":[{"href":"https:\/\/blogs.correiobraziliense.com.br\/capital-sa\/wp-json\/wp\/v2\/posts"}],"about":[{"href":"https:\/\/blogs.correiobraziliense.com.br\/capital-sa\/wp-json\/wp\/v2\/types\/post"}],"author":[{"embeddable":true,"href":"https:\/\/blogs.correiobraziliense.com.br\/capital-sa\/wp-json\/wp\/v2\/users\/125"}],"replies":[{"embeddable":true,"href":"https:\/\/blogs.correiobraziliense.com.br\/capital-sa\/wp-json\/wp\/v2\/comments?post=7216"}],"version-history":[{"count":5,"href":"https:\/\/blogs.correiobraziliense.com.br\/capital-sa\/wp-json\/wp\/v2\/posts\/7216\/revisions"}],"predecessor-version":[{"id":7246,"href":"https:\/\/blogs.correiobraziliense.com.br\/capital-sa\/wp-json\/wp\/v2\/posts\/7216\/revisions\/7246"}],"wp:featuredmedia":[{"embeddable":true,"href":"https:\/\/blogs.correiobraziliense.com.br\/capital-sa\/wp-json\/wp\/v2\/media\/7220"}],"wp:attachment":[{"href":"https:\/\/blogs.correiobraziliense.com.br\/capital-sa\/wp-json\/wp\/v2\/media?parent=7216"}],"wp:term":[{"taxonomy":"category","embeddable":true,"href":"https:\/\/blogs.correiobraziliense.com.br\/capital-sa\/wp-json\/wp\/v2\/categories?post=7216"},{"taxonomy":"post_tag","embeddable":true,"href":"https:\/\/blogs.correiobraziliense.com.br\/capital-sa\/wp-json\/wp\/v2\/tags?post=7216"}],"curies":[{"name":"wp","href":"https:\/\/api.w.org\/{rel}","templated":true}]}}