{"id":7201,"date":"2022-03-08T09:05:52","date_gmt":"2022-03-08T12:05:52","guid":{"rendered":"https:\/\/blogs.correiobraziliense.com.br\/capital-sa\/?p=7201"},"modified":"2022-03-08T08:42:11","modified_gmt":"2022-03-08T11:42:11","slug":"forca-tarefa-para-garantir-fertilizantes-no-brasil","status":"publish","type":"post","link":"https:\/\/blogs.correiobraziliense.com.br\/capital-sa\/2022\/03\/08\/forca-tarefa-para-garantir-fertilizantes-no-brasil\/","title":{"rendered":"For\u00e7a-tarefa para garantir fertilizantes no Brasil"},"content":{"rendered":"<p class=\"p1\">A Embrapa vai promover uma forte a\u00e7\u00e3o a curto e m\u00e9dio prazo dentro do Plano Nacional de Fertilizantes para reduzir a depend\u00eancia externa por importa\u00e7\u00e3o do produto. A situa\u00e7\u00e3o foi agravada pelo conflito entre a R\u00fassia e a Ucr\u00e2nia, j\u00e1 que vem dos russos a maior parte dos fertilizantes usados no Brasil.<\/p>\n<p class=\"p1\"><span class=\"s1\"><b>Caravana FertBrasil <\/b><\/span><\/p>\n<p class=\"p1\"><span class=\"s1\">A partir de abril, pesquisadores e t\u00e9cnicos da Embrapa come\u00e7ar\u00e3o a visitar cerca de 30 polos produtivos de nove macrorregi\u00f5es agr\u00edcolas do Brasil, incluindo o Centro-Oeste, com o objetivo de aumentar a efici\u00eancia de uso dos fertilizantes e insumos no campo.<\/span><\/p>\n<p class=\"p1\"><span class=\"s1\">A meta \u00e9 pelo menos economizar 20% no uso dos fertilizantes no Brasil j\u00e1 na safra 2022\/23. A Embrapa vai levar alternativas para otimizar o uso nas planta\u00e7\u00f5es. Com o plano de a\u00e7\u00e3o, \u00e9 esperada <\/span>redu\u00e7\u00e3o no total de 1 bilh\u00e3o de d\u00f3lares nos custos do produtor rural brasileiro.<\/p>\n<p class=\"p1\"><span class=\"s1\"><b>Frentes de pesquisa <\/b><\/span><\/p>\n<p class=\"p1\"><span class=\"s1\">A Embrapa e as institui\u00e7\u00f5es parceiras abriram cinco frentes de pesquisa em busca de inova\u00e7\u00f5es que reduzam em 25% a demanda por fertilizantes importados at\u00e9 2030 no Brasil.<\/span><\/p>\n<p>\u201cVamos trabalhar para que o Brasil possa superar a crise dos fertilizantes. Ser\u00e3o realizadas capacita\u00e7\u00e3o e troca de conhecimentos sistematizados entre os institutos de pesquisa e o setor produtivo. Queremos estabelecer um di\u00e1logo da pesquisa com o agroneg\u00f3cio no Brasil, propondo solu\u00e7\u00f5es tecnol\u00f3gicas para cada um desses 30 polos agr\u00edcolas&#8221;, explicou Celso Moretti, presidente da Embrapa.<\/p>\n<p>&nbsp;<\/p>\n","protected":false},"excerpt":{"rendered":"<p>A Embrapa vai promover uma forte a\u00e7\u00e3o a curto e m\u00e9dio prazo dentro do Plano Nacional de Fertilizantes para reduzir a depend\u00eancia externa por importa\u00e7\u00e3o do produto. A situa\u00e7\u00e3o foi agravada pelo conflito entre a R\u00fassia e a Ucr\u00e2nia, j\u00e1 que vem dos russos a maior parte dos fertilizantes usados no Brasil. Caravana FertBrasil A partir de abril, pesquisadores e [&hellip;]<\/p>\n","protected":false},"author":125,"featured_media":7207,"comment_status":"open","ping_status":"open","sticky":false,"template":"","format":"standard","meta":{"footnotes":""},"categories":[6],"tags":[586,919,917,918,916,143,67],"class_list":["post-7201","post","type-post","status-publish","format-standard","has-post-thumbnail","hentry","category-coluna-capital-s-a","tag-agronegocio","tag-brasil","tag-campo","tag-eficiencia","tag-fertilizantes","tag-pesquisa","tag-embrapa"],"_links":{"self":[{"href":"https:\/\/blogs.correiobraziliense.com.br\/capital-sa\/wp-json\/wp\/v2\/posts\/7201","targetHints":{"allow":["GET"]}}],"collection":[{"href":"https:\/\/blogs.correiobraziliense.com.br\/capital-sa\/wp-json\/wp\/v2\/posts"}],"about":[{"href":"https:\/\/blogs.correiobraziliense.com.br\/capital-sa\/wp-json\/wp\/v2\/types\/post"}],"author":[{"embeddable":true,"href":"https:\/\/blogs.correiobraziliense.com.br\/capital-sa\/wp-json\/wp\/v2\/users\/125"}],"replies":[{"embeddable":true,"href":"https:\/\/blogs.correiobraziliense.com.br\/capital-sa\/wp-json\/wp\/v2\/comments?post=7201"}],"version-history":[{"count":7,"href":"https:\/\/blogs.correiobraziliense.com.br\/capital-sa\/wp-json\/wp\/v2\/posts\/7201\/revisions"}],"predecessor-version":[{"id":7215,"href":"https:\/\/blogs.correiobraziliense.com.br\/capital-sa\/wp-json\/wp\/v2\/posts\/7201\/revisions\/7215"}],"wp:featuredmedia":[{"embeddable":true,"href":"https:\/\/blogs.correiobraziliense.com.br\/capital-sa\/wp-json\/wp\/v2\/media\/7207"}],"wp:attachment":[{"href":"https:\/\/blogs.correiobraziliense.com.br\/capital-sa\/wp-json\/wp\/v2\/media?parent=7201"}],"wp:term":[{"taxonomy":"category","embeddable":true,"href":"https:\/\/blogs.correiobraziliense.com.br\/capital-sa\/wp-json\/wp\/v2\/categories?post=7201"},{"taxonomy":"post_tag","embeddable":true,"href":"https:\/\/blogs.correiobraziliense.com.br\/capital-sa\/wp-json\/wp\/v2\/tags?post=7201"}],"curies":[{"name":"wp","href":"https:\/\/api.w.org\/{rel}","templated":true}]}}