{"id":7192,"date":"2022-03-07T23:37:17","date_gmt":"2022-03-08T02:37:17","guid":{"rendered":"https:\/\/blogs.correiobraziliense.com.br\/capital-sa\/?p=7192"},"modified":"2022-03-08T08:39:04","modified_gmt":"2022-03-08T11:39:04","slug":"campanha-contra-preconceitos-com-a-saude-feminina","status":"publish","type":"post","link":"https:\/\/blogs.correiobraziliense.com.br\/capital-sa\/2022\/03\/07\/campanha-contra-preconceitos-com-a-saude-feminina\/","title":{"rendered":"Campanha contra preconceitos com a sa\u00fade feminina"},"content":{"rendered":"<p>A Organon, farmac\u00eautica global especializada em sa\u00fade feminina, escolheu Bras\u00edlia, al\u00e9m de S\u00e3o Paulo, para lan\u00e7ar sua campanha pelo Dia Internacional da Mulher. Um painel de lightBox, no aeroporto Juscelino Kubitschek, estampa frases com situa\u00e7\u00f5es do dia a dia que denunciam quando a sa\u00fade da mulher \u00e9 colocada em segundo plano.<\/p>\n<p>O material traz tamb\u00e9m n\u00fameros impactantes que evidenciam a falta de autonomia corporal feminina.<\/p>\n<p class=\"p1\"><span class=\"s1\"><b>Mudan\u00e7a de comportamento <\/b><\/span><\/p>\n<p class=\"p1\"><span class=\"s1\">A campanha trabalha o conceito de que algumas cren\u00e7as em rela\u00e7\u00e3o \u00e0 sa\u00fade feminina precisam mudar. Entre as pe\u00e7as, h\u00e1 frases e informa\u00e7\u00f5es, como: \u201cN\u00e3o \u00e9 dor, \u00e9 frescura. Vai lavar roupa que passa. Assim, n\u00e3o d\u00e1!\u201d; \u201cEstou sem dinheiro. Quando sobrar algum vou ao m\u00e9dico\u201d; e \u201c7 em cada 10 adolescentes que engravidam n\u00e3o planejaram\u201d.<span class=\"Apple-converted-space\">\u00a0 <\/span>Essa faz parte de uma a\u00e7\u00e3o internacional em 140 pa\u00edses.<\/span><\/p>\n<p class=\"p1\"><span class=\"s1\">\u201cQueremos lan\u00e7ar luz \u00e0 disparidade existente em rela\u00e7\u00e3o \u00e0 sa\u00fade da mulher, que j\u00e1 h\u00e1 muito tempo vem sendo negligenciada. A mulher, muitas vezes, se coloca em segundo plano, mas o fato \u00e9 que, sem sa\u00fade, n\u00e3o apenas ela \u00e9 afetada, mas todos \u00e0 sua volta\u201d, destaca Marina Capra, diretora de RH e l\u00edder da diversidade da Organon.<\/span><\/p>\n","protected":false},"excerpt":{"rendered":"<p>A Organon, farmac\u00eautica global especializada em sa\u00fade feminina, escolheu Bras\u00edlia, al\u00e9m de S\u00e3o Paulo, para lan\u00e7ar sua campanha pelo Dia Internacional da Mulher. Um painel de lightBox, no aeroporto Juscelino Kubitschek, estampa frases com situa\u00e7\u00f5es do dia a dia que denunciam quando a sa\u00fade da mulher \u00e9 colocada em segundo plano. O material traz tamb\u00e9m n\u00fameros impactantes que evidenciam a [&hellip;]<\/p>\n","protected":false},"author":125,"featured_media":7195,"comment_status":"open","ping_status":"open","sticky":false,"template":"","format":"standard","meta":{"footnotes":""},"categories":[6],"tags":[915,912,909,795,914,913],"class_list":["post-7192","post","type-post","status-publish","format-standard","has-post-thumbnail","hentry","category-coluna-capital-s-a","tag-autonomia","tag-comportamento","tag-diainternacionaldamulher","tag-mudanca","tag-organon","tag-saudefeminina"],"_links":{"self":[{"href":"https:\/\/blogs.correiobraziliense.com.br\/capital-sa\/wp-json\/wp\/v2\/posts\/7192","targetHints":{"allow":["GET"]}}],"collection":[{"href":"https:\/\/blogs.correiobraziliense.com.br\/capital-sa\/wp-json\/wp\/v2\/posts"}],"about":[{"href":"https:\/\/blogs.correiobraziliense.com.br\/capital-sa\/wp-json\/wp\/v2\/types\/post"}],"author":[{"embeddable":true,"href":"https:\/\/blogs.correiobraziliense.com.br\/capital-sa\/wp-json\/wp\/v2\/users\/125"}],"replies":[{"embeddable":true,"href":"https:\/\/blogs.correiobraziliense.com.br\/capital-sa\/wp-json\/wp\/v2\/comments?post=7192"}],"version-history":[{"count":4,"href":"https:\/\/blogs.correiobraziliense.com.br\/capital-sa\/wp-json\/wp\/v2\/posts\/7192\/revisions"}],"predecessor-version":[{"id":7213,"href":"https:\/\/blogs.correiobraziliense.com.br\/capital-sa\/wp-json\/wp\/v2\/posts\/7192\/revisions\/7213"}],"wp:featuredmedia":[{"embeddable":true,"href":"https:\/\/blogs.correiobraziliense.com.br\/capital-sa\/wp-json\/wp\/v2\/media\/7195"}],"wp:attachment":[{"href":"https:\/\/blogs.correiobraziliense.com.br\/capital-sa\/wp-json\/wp\/v2\/media?parent=7192"}],"wp:term":[{"taxonomy":"category","embeddable":true,"href":"https:\/\/blogs.correiobraziliense.com.br\/capital-sa\/wp-json\/wp\/v2\/categories?post=7192"},{"taxonomy":"post_tag","embeddable":true,"href":"https:\/\/blogs.correiobraziliense.com.br\/capital-sa\/wp-json\/wp\/v2\/tags?post=7192"}],"curies":[{"name":"wp","href":"https:\/\/api.w.org\/{rel}","templated":true}]}}