{"id":7186,"date":"2022-03-07T19:03:41","date_gmt":"2022-03-07T22:03:41","guid":{"rendered":"https:\/\/blogs.correiobraziliense.com.br\/capital-sa\/?p=7186"},"modified":"2022-03-08T08:33:31","modified_gmt":"2022-03-08T11:33:31","slug":"previsao-de-aumento-de-vendas-na-pascoa","status":"publish","type":"post","link":"https:\/\/blogs.correiobraziliense.com.br\/capital-sa\/2022\/03\/07\/previsao-de-aumento-de-vendas-na-pascoa\/","title":{"rendered":"Previs\u00e3o de aumento de vendas na P\u00e1scoa"},"content":{"rendered":"<p class=\"p1\">Por Samanta Sallum<\/p>\n<p class=\"p1\"><span class=\"s1\">O com\u00e9rcio espera por um aumento de 18,08% nas vendas da P\u00e1scoa em rela\u00e7\u00e3o ao ano passado. Para 42,91% dos lojistas, a data ser\u00e1 melhor em 2022. Esse \u00edndice teve uma consider\u00e1vel varia\u00e7\u00e3o em rela\u00e7\u00e3o a 2021, \u00e9poca em que as restri\u00e7\u00f5es impostas pela pandemia ainda impactavam a circula\u00e7\u00e3o de consumidores. Naquele per\u00edodo, apenas 28,7% dos comerciantes acreditavam que as vendas seriam positivas. Os dados s\u00e3o de pesquisa do Instituto Fecom\u00e9rcio.<\/span><\/p>\n<p class=\"p1\"><span class=\"s1\">Para quem comprar\u00e1 um presente, o or\u00e7amento planejado gira em torno de R$ 149,16. No ano passado, os consumidores previam gastar no m\u00e1ximo R$ 100.<\/span><\/p>\n<p class=\"p1\"><span class=\"s1\">\u00a0<\/span>\u00a0<b>Otimismo gra\u00e7as \u00e0 vacina\u00e7\u00e3o<\/b><\/p>\n<p class=\"p1\"><span class=\"s1\">\u201cO que estamos vendo hoje \u00e9 reflexo do avan\u00e7o da vacina\u00e7\u00e3o. Esse processo de retomada da economia no com\u00e9rcio se deu a partir do momento em que as pessoas passaram a sentir mais seguras para sair de casa, e os comerciantes mais otimistas para planejarem seus neg\u00f3cios\u201d, analisa o presidente do Sistema Fecom\u00e9rcio-DF, Jos\u00e9 Aparecido Freire.<\/span><\/p>\n","protected":false},"excerpt":{"rendered":"<p>Por Samanta Sallum O com\u00e9rcio espera por um aumento de 18,08% nas vendas da P\u00e1scoa em rela\u00e7\u00e3o ao ano passado. Para 42,91% dos lojistas, a data ser\u00e1 melhor em 2022. Esse \u00edndice teve uma consider\u00e1vel varia\u00e7\u00e3o em rela\u00e7\u00e3o a 2021, \u00e9poca em que as restri\u00e7\u00f5es impostas pela pandemia ainda impactavam a circula\u00e7\u00e3o de consumidores. Naquele per\u00edodo, apenas 28,7% dos comerciantes [&hellip;]<\/p>\n","protected":false},"author":125,"featured_media":7190,"comment_status":"open","ping_status":"open","sticky":false,"template":"","format":"standard","meta":{"footnotes":""},"categories":[6],"tags":[908,907,274,171,10,26],"class_list":["post-7186","post","type-post","status-publish","format-standard","has-post-thumbnail","hentry","category-coluna-capital-s-a","tag-expectativa","tag-pascoa","tag-vacinacao","tag-vendas","tag-comercio","tag-fecomercio"],"_links":{"self":[{"href":"https:\/\/blogs.correiobraziliense.com.br\/capital-sa\/wp-json\/wp\/v2\/posts\/7186","targetHints":{"allow":["GET"]}}],"collection":[{"href":"https:\/\/blogs.correiobraziliense.com.br\/capital-sa\/wp-json\/wp\/v2\/posts"}],"about":[{"href":"https:\/\/blogs.correiobraziliense.com.br\/capital-sa\/wp-json\/wp\/v2\/types\/post"}],"author":[{"embeddable":true,"href":"https:\/\/blogs.correiobraziliense.com.br\/capital-sa\/wp-json\/wp\/v2\/users\/125"}],"replies":[{"embeddable":true,"href":"https:\/\/blogs.correiobraziliense.com.br\/capital-sa\/wp-json\/wp\/v2\/comments?post=7186"}],"version-history":[{"count":6,"href":"https:\/\/blogs.correiobraziliense.com.br\/capital-sa\/wp-json\/wp\/v2\/posts\/7186\/revisions"}],"predecessor-version":[{"id":7209,"href":"https:\/\/blogs.correiobraziliense.com.br\/capital-sa\/wp-json\/wp\/v2\/posts\/7186\/revisions\/7209"}],"wp:featuredmedia":[{"embeddable":true,"href":"https:\/\/blogs.correiobraziliense.com.br\/capital-sa\/wp-json\/wp\/v2\/media\/7190"}],"wp:attachment":[{"href":"https:\/\/blogs.correiobraziliense.com.br\/capital-sa\/wp-json\/wp\/v2\/media?parent=7186"}],"wp:term":[{"taxonomy":"category","embeddable":true,"href":"https:\/\/blogs.correiobraziliense.com.br\/capital-sa\/wp-json\/wp\/v2\/categories?post=7186"},{"taxonomy":"post_tag","embeddable":true,"href":"https:\/\/blogs.correiobraziliense.com.br\/capital-sa\/wp-json\/wp\/v2\/tags?post=7186"}],"curies":[{"name":"wp","href":"https:\/\/api.w.org\/{rel}","templated":true}]}}