{"id":7144,"date":"2022-03-04T14:43:25","date_gmt":"2022-03-04T17:43:25","guid":{"rendered":"https:\/\/blogs.correiobraziliense.com.br\/capital-sa\/?p=7144"},"modified":"2022-03-04T23:04:58","modified_gmt":"2022-03-05T02:04:58","slug":"multinacional-vai-desembarcar-no-df-com-investimento-de-r-4-bilhoes","status":"publish","type":"post","link":"https:\/\/blogs.correiobraziliense.com.br\/capital-sa\/2022\/03\/04\/multinacional-vai-desembarcar-no-df-com-investimento-de-r-4-bilhoes\/","title":{"rendered":"Multinacional vai desembarcar no DF com investimento de R$ 4 bilh\u00f5es"},"content":{"rendered":"<div>Por Samanta Sallum<\/div>\n<div><span style=\"font-size: large\">\u00a0<\/span><\/div>\n<div>Uma grande empresa tem planos para instalar uma\u00a0unidade em uma das \u00c1reas de Desenvolvimento Econ\u00f4mico (ADE) do DF. A multinacional, cujo nome n\u00e3o pode ser ainda divulgado, est\u00e1 se habilitando ao programa Desenvolve-DF, que permite a ocupa\u00e7\u00e3o de terrenos p\u00fablicos por meio de uma taxa mensal, como um aluguel, com valores bem convidativos. A contrapartida \u00e9 gerar empregos.<\/div>\n<div><\/div>\n<div><\/div>\n<div>\n<p>&nbsp;<\/p>\n<p>O empreendimento pretende criar 2,4 mil diretos e mais de 6 mil indiretos. O plano de investimento previsto \u00e9 de R$ 4 bilh\u00f5es em 5 anos, e o processo est\u00e1 sendo conduzido pela Secretaria de Desenvolvimento Econ\u00f4mico (SDE). Se gerar todas essas vagas de trabalho, a empresa poder\u00e1 ter ainda descontos\u00a0de ICMS e em outros impostos. A previs\u00e3o \u00e9 que em 90 dias seja conclu\u00eddo o acordo.<\/p>\n<\/div>\n<div><\/div>\n<div><\/div>\n<div><span style=\"font-size: large\"><b>Mais prazo de ades\u00e3o<\/b><\/span><\/div>\n<div><span style=\"font-size: large\">\u00a0<\/span><\/div>\n<div><span style=\"font-size: large\">Nos pr\u00f3ximos dias, a Casa Civil vai encaminhar \u00e0 C\u00e2mara Legislativa projeto de lei, proposto pela SDE, para prorrogar o per\u00edodo de ades\u00e3o ao Desenvolve-DF.\u00a0 O programa foi criado em 2019 para aprimorar os antigos Pr\u00f3-DF I e II. No atual, as empresas podem, depois do cadastro e da documenta\u00e7\u00e3o aprovados, ocupar lotes da Terracap por meio de Contrato de Direito Real de Uso (CDRU).<br \/>\n<\/span><\/div>\n<div><\/div>\n<div><span style=\"font-size: large\">\u00a0S\u00e3o cobradas taxas mensais entre 0,16 e 0,2% sobre o valor total do im\u00f3vel. Muitas empresas interessadas no benef\u00edcio n\u00e3o conseguiram organizar o processo em tempo .<\/span><\/div>\n<div><span style=\"font-size: large\">\u00a0<\/span><\/div>\n<div><b>Passivo<\/b><\/div>\n<div><span style=\"font-size: large\">\u00a0<\/span><\/div>\n<div><span style=\"font-size: large\">O Pr\u00f3-DF, realizado em gest\u00f5es anteriores, n\u00e3o alcan\u00e7ou\u00a0o resultado esperado, pois ambas as partes, GDF e empresas, n\u00e3o conseguiram cumprir as metas do contrato.<br \/>\n<\/span><\/div>\n<div><\/div>\n<div><span style=\"font-size: large\"> A administra\u00e7\u00e3o p\u00fablica n\u00e3o entregou a infraestrutura prometida nas ADEs e as empresas alegam que n\u00e3o foi vi\u00e1vel o pleno funcionamento.\u00a0E, assim, n\u00e3o geram os empregos a que tinham se comprometido.\u00a0Como o Desenvolve-DF tem condi\u00e7\u00f5es mais atraentes, muitos querem migrar do antigo programa para o novo.<\/span><\/div>\n<div><span style=\"font-size: large\">\u00a0<\/span><\/div>\n<div><span style=\"font-size: large\"><b>For\u00e7a-tarefa<\/b><\/span><\/div>\n<div><span style=\"font-size: large\">\u00a0<\/span><\/div>\n<div>\n<p><span style=\"font-size: large\">As duas etapas do Pr\u00f3-DF acumularam quase 3 mil processos que\u00a0aguardavam an\u00e1lise h\u00e1 anos para regulariza\u00e7\u00e3o.\u00a0Cerca de 50% tiveram encaminhamentos nos \u00faltimos meses, segundo a SDE.<\/span><\/p>\n<p><span style=\"font-size: large\">\u00a0&#8220;Em\u00a0janeiro, emitimos mais Atestados de Instala\u00e7\u00e3o Definitiva para as empresas do que em todo o ano de 2021. Nossa for\u00e7a-tarefa\u00a0continuar\u00e1&#8221;, afirmou o secret\u00e1rio da pasta, Jesu\u00edno de Jesus Pereira, que assumiu em dezembro o cargo, mas j\u00e1 estava na secretaria como chefe de gabinete. \u00c9 o s\u00e9timo a ocupar a fun\u00e7\u00e3o desde 2019.<\/span><\/p>\n<\/div>\n","protected":false},"excerpt":{"rendered":"<p>Por Samanta Sallum \u00a0 Uma grande empresa tem planos para instalar uma\u00a0unidade em uma das \u00c1reas de Desenvolvimento Econ\u00f4mico (ADE) do DF. A multinacional, cujo nome n\u00e3o pode ser ainda divulgado, est\u00e1 se habilitando ao programa Desenvolve-DF, que permite a ocupa\u00e7\u00e3o de terrenos p\u00fablicos por meio de uma taxa mensal, como um aluguel, com valores bem convidativos. A contrapartida \u00e9 [&hellip;]<\/p>\n","protected":false},"author":125,"featured_media":7150,"comment_status":"open","ping_status":"open","sticky":false,"template":"","format":"standard","meta":{"footnotes":""},"categories":[6],"tags":[904,579,365,654,903,578],"class_list":["post-7144","post","type-post","status-publish","format-standard","has-post-thumbnail","hentry","category-coluna-capital-s-a","tag-ade","tag-desenvolve-df","tag-empresas","tag-investimento","tag-multinacional","tag-pro-df"],"_links":{"self":[{"href":"https:\/\/blogs.correiobraziliense.com.br\/capital-sa\/wp-json\/wp\/v2\/posts\/7144","targetHints":{"allow":["GET"]}}],"collection":[{"href":"https:\/\/blogs.correiobraziliense.com.br\/capital-sa\/wp-json\/wp\/v2\/posts"}],"about":[{"href":"https:\/\/blogs.correiobraziliense.com.br\/capital-sa\/wp-json\/wp\/v2\/types\/post"}],"author":[{"embeddable":true,"href":"https:\/\/blogs.correiobraziliense.com.br\/capital-sa\/wp-json\/wp\/v2\/users\/125"}],"replies":[{"embeddable":true,"href":"https:\/\/blogs.correiobraziliense.com.br\/capital-sa\/wp-json\/wp\/v2\/comments?post=7144"}],"version-history":[{"count":9,"href":"https:\/\/blogs.correiobraziliense.com.br\/capital-sa\/wp-json\/wp\/v2\/posts\/7144\/revisions"}],"predecessor-version":[{"id":7154,"href":"https:\/\/blogs.correiobraziliense.com.br\/capital-sa\/wp-json\/wp\/v2\/posts\/7144\/revisions\/7154"}],"wp:featuredmedia":[{"embeddable":true,"href":"https:\/\/blogs.correiobraziliense.com.br\/capital-sa\/wp-json\/wp\/v2\/media\/7150"}],"wp:attachment":[{"href":"https:\/\/blogs.correiobraziliense.com.br\/capital-sa\/wp-json\/wp\/v2\/media?parent=7144"}],"wp:term":[{"taxonomy":"category","embeddable":true,"href":"https:\/\/blogs.correiobraziliense.com.br\/capital-sa\/wp-json\/wp\/v2\/categories?post=7144"},{"taxonomy":"post_tag","embeddable":true,"href":"https:\/\/blogs.correiobraziliense.com.br\/capital-sa\/wp-json\/wp\/v2\/tags?post=7144"}],"curies":[{"name":"wp","href":"https:\/\/api.w.org\/{rel}","templated":true}]}}