{"id":7132,"date":"2022-03-03T19:13:53","date_gmt":"2022-03-03T22:13:53","guid":{"rendered":"https:\/\/blogs.correiobraziliense.com.br\/capital-sa\/?p=7132"},"modified":"2022-03-03T21:58:29","modified_gmt":"2022-03-04T00:58:29","slug":"inss-volta-a-atender-presencial-todos-os-servicos-agendaveis","status":"publish","type":"post","link":"https:\/\/blogs.correiobraziliense.com.br\/capital-sa\/2022\/03\/03\/inss-volta-a-atender-presencial-todos-os-servicos-agendaveis\/","title":{"rendered":"INSS volta a atender presencial todos os servi\u00e7os agend\u00e1veis"},"content":{"rendered":"<p class=\"x_x_MsoNormal\">Ser\u00e1 poss\u00edvel agendar atendimento presencial para servi\u00e7os dispon\u00edveis no portal e no aplicativo Meu INSS. \u00c9 mais uma etapa do retorno gradativo do p\u00fablico \u00e0s ag\u00eancias. Foram publicadas portarias no <em>Di\u00e1rio Oficial da Uni\u00e3o (DOU)<\/em>, para ampliar \u00a0e padronizar o fluxo operacional interno.<\/p>\n<p class=\"x_x_MsoNormal\">Desde 2020, em virtude da pandemia da Covid-19, o INSS tomou uma s\u00e9rie de medidas para evitar aglomera\u00e7\u00f5es e restringiu o acesso apenas aos servi\u00e7os que n\u00e3o podiam ser feitos de forma remota, como a realiza\u00e7\u00e3o de per\u00edcias m\u00e9dicas, avalia\u00e7\u00e3o social, reabilita\u00e7\u00e3o profissional e justifica\u00e7\u00e3o administrativa.<\/p>\n<p class=\"x_x_MsoNormal\">Com a publica\u00e7\u00e3o das novas portarias, a partir de\u00a0<a href=\"\/\/0\">14 de mar\u00e7o<\/a>, o cidad\u00e3o poder\u00e1 agendar atendimento presencial. Isso inclui pedidos de aposentadoria e pens\u00e3o por morte, emiss\u00e3o de extratos, certificados e outros documentos, obten\u00e7\u00e3o de resultados, entre v\u00e1rios outros.<\/p>\n<p class=\"x_x_MsoNormal\">Ao todo, 91 servi\u00e7os do INSS j\u00e1 s\u00e3o pass\u00edveis de atendimento de forma digital.<\/p>\n<p class=\"x_x_MsoNormal\">O agendamento continua sendo feito pelo <a title=\" gov.br\/meuinss\" href=\"http:\/\/gov.br\/meuinss\">Meu INSS<\/a> (site <a href=\"http:\/\/gov.br\/meuinss\">gov.br\/meuinss<\/a> e aplicativo para celular) e telefone 135. \u00c9 importante frisar que esses servi\u00e7os tamb\u00e9m continuam dispon\u00edveis de forma inteiramente digital, sem a necessidade de comparecimento nas ag\u00eancias.<\/p>\n<p class=\"x_x_MsoNormal\"><b>Atendimento espont\u00e2neo\u00a0<\/b><\/p>\n<p class=\"x_x_MsoNormal\">Tamb\u00e9m ser\u00e1 retomado o atendimento realizado sem agendamento pr\u00e9vio, o chamado atendimento espont\u00e2neo. Nos casos excepcionais em que o segurado n\u00e3o tenha acesso \u00e0 internet ou a telefone, como preveem as normas, ele vai poder procurar as ag\u00eancias f\u00edsicas para realizar agendamento ou esclarecimento de d\u00favidas.<\/p>\n<p class=\"x_x_MsoNormal\">As unidades que v\u00e3o conseguir prestar esse tipo de atendimento dentro das normas de seguran\u00e7a, higiene e distanciamento ser\u00e3o definidas ap\u00f3s <a href=\"\/\/2\">30 de mar\u00e7o<\/a>.<\/p>\n<p class=\"x_x_MsoNormal\">\n","protected":false},"excerpt":{"rendered":"<p>Ser\u00e1 poss\u00edvel agendar atendimento presencial para servi\u00e7os dispon\u00edveis no portal e no aplicativo Meu INSS. \u00c9 mais uma etapa do retorno gradativo do p\u00fablico \u00e0s ag\u00eancias. Foram publicadas portarias no Di\u00e1rio Oficial da Uni\u00e3o (DOU), para ampliar \u00a0e padronizar o fluxo operacional interno. Desde 2020, em virtude da pandemia da Covid-19, o INSS tomou uma s\u00e9rie de medidas para evitar [&hellip;]<\/p>\n","protected":false},"author":125,"featured_media":7137,"comment_status":"open","ping_status":"open","sticky":false,"template":"","format":"standard","meta":{"footnotes":""},"categories":[6],"tags":[348,901,900,902,454],"class_list":["post-7132","post","type-post","status-publish","format-standard","has-post-thumbnail","hentry","category-coluna-capital-s-a","tag-aplicativo","tag-atendimentopresencial","tag-inss","tag-meuinss","tag-servicos"],"_links":{"self":[{"href":"https:\/\/blogs.correiobraziliense.com.br\/capital-sa\/wp-json\/wp\/v2\/posts\/7132","targetHints":{"allow":["GET"]}}],"collection":[{"href":"https:\/\/blogs.correiobraziliense.com.br\/capital-sa\/wp-json\/wp\/v2\/posts"}],"about":[{"href":"https:\/\/blogs.correiobraziliense.com.br\/capital-sa\/wp-json\/wp\/v2\/types\/post"}],"author":[{"embeddable":true,"href":"https:\/\/blogs.correiobraziliense.com.br\/capital-sa\/wp-json\/wp\/v2\/users\/125"}],"replies":[{"embeddable":true,"href":"https:\/\/blogs.correiobraziliense.com.br\/capital-sa\/wp-json\/wp\/v2\/comments?post=7132"}],"version-history":[{"count":10,"href":"https:\/\/blogs.correiobraziliense.com.br\/capital-sa\/wp-json\/wp\/v2\/posts\/7132\/revisions"}],"predecessor-version":[{"id":7143,"href":"https:\/\/blogs.correiobraziliense.com.br\/capital-sa\/wp-json\/wp\/v2\/posts\/7132\/revisions\/7143"}],"wp:featuredmedia":[{"embeddable":true,"href":"https:\/\/blogs.correiobraziliense.com.br\/capital-sa\/wp-json\/wp\/v2\/media\/7137"}],"wp:attachment":[{"href":"https:\/\/blogs.correiobraziliense.com.br\/capital-sa\/wp-json\/wp\/v2\/media?parent=7132"}],"wp:term":[{"taxonomy":"category","embeddable":true,"href":"https:\/\/blogs.correiobraziliense.com.br\/capital-sa\/wp-json\/wp\/v2\/categories?post=7132"},{"taxonomy":"post_tag","embeddable":true,"href":"https:\/\/blogs.correiobraziliense.com.br\/capital-sa\/wp-json\/wp\/v2\/tags?post=7132"}],"curies":[{"name":"wp","href":"https:\/\/api.w.org\/{rel}","templated":true}]}}