{"id":711,"date":"2020-11-19T10:20:09","date_gmt":"2020-11-19T13:20:09","guid":{"rendered":"https:\/\/blogs.correiobraziliense.com.br\/capital-sa\/?p=711"},"modified":"2020-11-19T10:52:14","modified_gmt":"2020-11-19T13:52:14","slug":"ceb-vai-a-leilao-no-dia-4","status":"publish","type":"post","link":"https:\/\/blogs.correiobraziliense.com.br\/capital-sa\/2020\/11\/19\/ceb-vai-a-leilao-no-dia-4\/","title":{"rendered":"CEB vai a leil\u00e3o no dia 4"},"content":{"rendered":"<div dir=\"ltr\">\n<div dir=\"ltr\">\n<p>Rodovi\u00e1ria do Plano Piloto, Torre Digital, CEB e Metr\u00f4 est\u00e3o na lista de privatiza\u00e7\u00f5es do GDF. O leil\u00e3o para a venda da CEB ser\u00e1 em 4 de dezembro, na Bolsa de Valores de S\u00e3o Paulo. Segundo o governador Ibaneis Rocha, o Metr\u00f4 \u00e9 a pr\u00f3xima empresa p\u00fablica a seguir o mesmo caminho, no in\u00edcio do ano que vem. Tamb\u00e9m h\u00e1 projeto de parceria p\u00fablico-privada para gerir a rodovi\u00e1ria. E foi assinado, ontem, contrato de concess\u00e3o, por 15 anos, da Torre de TV Digital.<\/p>\n<p>O Banco Regional de Bras\u00edlia e a Caesb, no entanto, est\u00e3o fora da lista. O governador afirmou que as empresas se recuperaram. Comemorou o lucro do banco e milhares de novas contas abertas.<\/p>\n<\/div>\n<\/div>\n<div dir=\"ltr\">\n<div dir=\"ltr\">\n<blockquote><p>\u201cAlgumas empresas p\u00fablicas representam custo muito elevado para o Estado. \u00c9 preciso resolver isso e oferecer servi\u00e7os mais eficientes \u00e0 popula\u00e7\u00e3o. Eu n\u00e3o esperava ter de vender a CEB. Como candidato ao governo, n\u00e3o tinha conhecimento da situa\u00e7\u00e3o dram\u00e1tica em que estava a empresa. Vendemos ou perdemos a concess\u00e3o\u201d, afirmou<strong> Ibaneis<\/strong>.<\/p><\/blockquote>\n<p>As privatiza\u00e7\u00f5es, especialmente a da CEB, foram assunto de destaque na reuni\u00e3o do Grupo de Lideran\u00e7as Empresariais (Lide) do DF, presidido pelo empres\u00e1rio Paulo Oct\u00e1vio, Ibaneis foi palestrante convidado no evento, que ocorreu no Bras\u00edlia Palace.<\/p>\n<p>O custo do Metr\u00f4 \u00e9 de R$ 900 milh\u00f5es por ano. E a d\u00edvida da CEB, de R$ 800 milh\u00f5es.<\/p>\n<p>&nbsp;<\/p>\n<p><strong>Rea\u00e7\u00e3o positiva do setor produtivo<\/strong><\/p>\n<\/div>\n<\/div>\n<div dir=\"ltr\">\n<div dir=\"ltr\">\n<p>Ibaneis agradeceu aos presidentes do f\u00f3rum produtivo do DF, Francisco Maia, e da Fibra, Jamal Bittar, pela uni\u00e3o de for\u00e7as no per\u00edodo.<\/p>\n<\/div>\n<\/div>\n<div dir=\"ltr\">\n<div dir=\"ltr\">\n<p>\u201c\u00c9 importante destacar que nossos pleitos est\u00e3o sendo muito bem atendidos. Existe um di\u00e1logo entre a Fecom\u00e9rcio e o governo que funciona bem\u201d, disse Maia. Ele aponta, por exemplo, a aprova\u00e7\u00e3o do Refis 2020 e o projeto do Corredor Cultural da W3 Sul, que far\u00e1 parte da reforma na avenida.<\/p>\n<figure id=\"attachment_713\" aria-describedby=\"caption-attachment-713\" style=\"width: 300px\" class=\"wp-caption aligncenter\"><img loading=\"lazy\" decoding=\"async\" class=\"size-medium wp-image-713\" src=\"https:\/\/blogs.correiobraziliense.com.br\/capital-sa\/wp-content\/uploads\/sites\/59\/2020\/11\/804b47c1-4d5c-47f2-a92e-93de8df1e995-300x200.jpg\" alt=\"\" width=\"300\" height=\"200\" srcset=\"https:\/\/blogs.correiobraziliense.com.br\/capital-sa\/wp-content\/uploads\/sites\/59\/2020\/11\/804b47c1-4d5c-47f2-a92e-93de8df1e995-300x200.jpg 300w, https:\/\/blogs.correiobraziliense.com.br\/capital-sa\/wp-content\/uploads\/sites\/59\/2020\/11\/804b47c1-4d5c-47f2-a92e-93de8df1e995-768x512.jpg 768w, https:\/\/blogs.correiobraziliense.com.br\/capital-sa\/wp-content\/uploads\/sites\/59\/2020\/11\/804b47c1-4d5c-47f2-a92e-93de8df1e995-1024x682.jpg 1024w, https:\/\/blogs.correiobraziliense.com.br\/capital-sa\/wp-content\/uploads\/sites\/59\/2020\/11\/804b47c1-4d5c-47f2-a92e-93de8df1e995-800x533.jpg 800w, https:\/\/blogs.correiobraziliense.com.br\/capital-sa\/wp-content\/uploads\/sites\/59\/2020\/11\/804b47c1-4d5c-47f2-a92e-93de8df1e995-550x367.jpg 550w, https:\/\/blogs.correiobraziliense.com.br\/capital-sa\/wp-content\/uploads\/sites\/59\/2020\/11\/804b47c1-4d5c-47f2-a92e-93de8df1e995-230x153.jpg 230w, https:\/\/blogs.correiobraziliense.com.br\/capital-sa\/wp-content\/uploads\/sites\/59\/2020\/11\/804b47c1-4d5c-47f2-a92e-93de8df1e995.jpg 1280w\" sizes=\"auto, (max-width: 300px) 100vw, 300px\" \/><figcaption id=\"caption-attachment-713\" class=\"wp-caption-text\">Cr\u00e9dito: Cristiano Costa\/Fecom\u00e9rcio-DF<\/figcaption><\/figure>\n<\/div>\n<\/div>\n<div dir=\"ltr\">\n<div dir=\"ltr\">\n<p>Ibaneis tamb\u00e9m parabenizou o anfitri\u00e3o do evento, Paulo Oct\u00e1vio, pelas iniciativas do Lide, refor\u00e7ando que o governo atual se aproximou do segmento.<\/p>\n<\/div>\n<\/div>\n<div dir=\"ltr\">\n<div dir=\"ltr\">\n<p>Segundo Paulo Oct\u00e1vio, existe uma sinergia entre o setor privado e o governo que est\u00e1 produzindo resultados.<\/p>\n<figure id=\"attachment_712\" aria-describedby=\"caption-attachment-712\" style=\"width: 300px\" class=\"wp-caption aligncenter\"><img loading=\"lazy\" decoding=\"async\" class=\"size-medium wp-image-712\" src=\"https:\/\/blogs.correiobraziliense.com.br\/capital-sa\/wp-content\/uploads\/sites\/59\/2020\/11\/0c8d95e3-4ae7-439d-9052-232b60778f3c-300x200.jpg\" alt=\"\" width=\"300\" height=\"200\" srcset=\"https:\/\/blogs.correiobraziliense.com.br\/capital-sa\/wp-content\/uploads\/sites\/59\/2020\/11\/0c8d95e3-4ae7-439d-9052-232b60778f3c-300x200.jpg 300w, https:\/\/blogs.correiobraziliense.com.br\/capital-sa\/wp-content\/uploads\/sites\/59\/2020\/11\/0c8d95e3-4ae7-439d-9052-232b60778f3c-768x512.jpg 768w, https:\/\/blogs.correiobraziliense.com.br\/capital-sa\/wp-content\/uploads\/sites\/59\/2020\/11\/0c8d95e3-4ae7-439d-9052-232b60778f3c-1024x682.jpg 1024w, https:\/\/blogs.correiobraziliense.com.br\/capital-sa\/wp-content\/uploads\/sites\/59\/2020\/11\/0c8d95e3-4ae7-439d-9052-232b60778f3c-800x533.jpg 800w, https:\/\/blogs.correiobraziliense.com.br\/capital-sa\/wp-content\/uploads\/sites\/59\/2020\/11\/0c8d95e3-4ae7-439d-9052-232b60778f3c-550x367.jpg 550w, https:\/\/blogs.correiobraziliense.com.br\/capital-sa\/wp-content\/uploads\/sites\/59\/2020\/11\/0c8d95e3-4ae7-439d-9052-232b60778f3c-230x153.jpg 230w, https:\/\/blogs.correiobraziliense.com.br\/capital-sa\/wp-content\/uploads\/sites\/59\/2020\/11\/0c8d95e3-4ae7-439d-9052-232b60778f3c.jpg 1280w\" sizes=\"auto, (max-width: 300px) 100vw, 300px\" \/><figcaption id=\"caption-attachment-712\" class=\"wp-caption-text\">Cr\u00e9dito: Cristiano Costa\/Fecom\u00e9rcio-DF<\/figcaption><\/figure>\n<blockquote><p>\u201cOnze meses depois do \u00faltimo encontro presencial do Lide Bras\u00edlia, voltamos a nos reunir em um momento important\u00edssimo. A economia teve de se reinventar. A posi\u00e7\u00e3o da iniciativa privada \u00e9 de coopera\u00e7\u00e3o com o governo. N\u00e3o chegamos ao fim do ano com as previs\u00f5es catastr\u00f3ficas do in\u00edcio da pandemia. Mas o esfor\u00e7o tem de continuar, e \u00e9 preciso ouvir quem governa a cidade para debater 2021.\u201d<\/p><\/blockquote>\n<\/div>\n<\/div>\n<div dir=\"ltr\">\n<div dir=\"ltr\">\n<p><strong>Centros de distribui\u00e7\u00e3o<\/strong><\/p>\n<\/div>\n<\/div>\n<div dir=\"ltr\">\n<div dir=\"ltr\">\n<p>Apesar da pandemia, o clima era de otimismo no evento do Lide. Empresas est\u00e3o buscando Bras\u00edlia para sediar novos neg\u00f3cios. Uma delas \u00e9 a rede de supermercados Comper.<\/p>\n<\/div>\n<\/div>\n<div dir=\"ltr\">\n<div dir=\"ltr\">\n<p>\u201cBras\u00edlia deve assumir o papel idealizado por Juscelino Kubitschek de ser um polo de integra\u00e7\u00e3o comercial entre o Norte, o Nordeste, o Sul e o Sudeste. E \u00e9 nessa perspectiva que temos investido. Conseguimos que v\u00e1rias empresas grandes viessem para a cidade e instalassem aqui seus centros de distribui\u00e7\u00e3o\u201d, destacou Ibaneis.<\/p>\n<\/div>\n<\/div>\n<div dir=\"ltr\">\n<div dir=\"ltr\">\n<blockquote><p><strong>R$ 1 bilh\u00e3o<\/strong><br \/>\n<em>Investimento dos supermercados Comper no DF<\/em><\/p><\/blockquote>\n<\/div>\n<\/div>\n","protected":false},"excerpt":{"rendered":"<p>Rodovi\u00e1ria do Plano Piloto, Torre Digital, CEB e Metr\u00f4 est\u00e3o na lista de privatiza\u00e7\u00f5es do GDF. O leil\u00e3o para a venda da CEB ser\u00e1 em 4 de dezembro, na Bolsa de Valores de S\u00e3o Paulo. Segundo o governador Ibaneis Rocha, o Metr\u00f4 \u00e9 a pr\u00f3xima empresa p\u00fablica a seguir o mesmo caminho, no in\u00edcio do ano que vem. Tamb\u00e9m h\u00e1 [&hellip;]<\/p>\n","protected":false},"author":125,"featured_media":715,"comment_status":"open","ping_status":"open","sticky":false,"template":"","format":"standard","meta":{"footnotes":""},"categories":[6],"tags":[114,113,107,111,115,108,116,109,112,110,70,5],"class_list":["post-711","post","type-post","status-publish","format-standard","has-post-thumbnail","hentry","category-coluna-capital-s-a","tag-bancodebrasilia","tag-brb","tag-ceb","tag-comper","tag-franciscomaia","tag-leilao","tag-lide","tag-metro","tag-paulooctavio","tag-privatizacoes","tag-ibaneis","tag-pandemia"],"_links":{"self":[{"href":"https:\/\/blogs.correiobraziliense.com.br\/capital-sa\/wp-json\/wp\/v2\/posts\/711","targetHints":{"allow":["GET"]}}],"collection":[{"href":"https:\/\/blogs.correiobraziliense.com.br\/capital-sa\/wp-json\/wp\/v2\/posts"}],"about":[{"href":"https:\/\/blogs.correiobraziliense.com.br\/capital-sa\/wp-json\/wp\/v2\/types\/post"}],"author":[{"embeddable":true,"href":"https:\/\/blogs.correiobraziliense.com.br\/capital-sa\/wp-json\/wp\/v2\/users\/125"}],"replies":[{"embeddable":true,"href":"https:\/\/blogs.correiobraziliense.com.br\/capital-sa\/wp-json\/wp\/v2\/comments?post=711"}],"version-history":[{"count":9,"href":"https:\/\/blogs.correiobraziliense.com.br\/capital-sa\/wp-json\/wp\/v2\/posts\/711\/revisions"}],"predecessor-version":[{"id":723,"href":"https:\/\/blogs.correiobraziliense.com.br\/capital-sa\/wp-json\/wp\/v2\/posts\/711\/revisions\/723"}],"wp:featuredmedia":[{"embeddable":true,"href":"https:\/\/blogs.correiobraziliense.com.br\/capital-sa\/wp-json\/wp\/v2\/media\/715"}],"wp:attachment":[{"href":"https:\/\/blogs.correiobraziliense.com.br\/capital-sa\/wp-json\/wp\/v2\/media?parent=711"}],"wp:term":[{"taxonomy":"category","embeddable":true,"href":"https:\/\/blogs.correiobraziliense.com.br\/capital-sa\/wp-json\/wp\/v2\/categories?post=711"},{"taxonomy":"post_tag","embeddable":true,"href":"https:\/\/blogs.correiobraziliense.com.br\/capital-sa\/wp-json\/wp\/v2\/tags?post=711"}],"curies":[{"name":"wp","href":"https:\/\/api.w.org\/{rel}","templated":true}]}}