{"id":7106,"date":"2022-03-03T08:26:27","date_gmt":"2022-03-03T11:26:27","guid":{"rendered":"https:\/\/blogs.correiobraziliense.com.br\/capital-sa\/?p=7106"},"modified":"2022-03-03T21:54:51","modified_gmt":"2022-03-04T00:54:51","slug":"veja-qual-e-o-novo-prazo-para-remarcacoes-de-viagens-e-reembolso-de-eventos","status":"publish","type":"post","link":"https:\/\/blogs.correiobraziliense.com.br\/capital-sa\/2022\/03\/03\/veja-qual-e-o-novo-prazo-para-remarcacoes-de-viagens-e-reembolso-de-eventos\/","title":{"rendered":"Saiba qual \u00e9 o novo prazo para remarca\u00e7\u00e3o de viagens e reembolso de eventos"},"content":{"rendered":"<p>Por Samanta Sallum<\/p>\n<p class=\"p1\"><span class=\"s1\">O prazo para o consumidor remarcar e utilizar o cr\u00e9dito para uso ou abatimento na compra de servi\u00e7os tur\u00edsticos passa a ser at\u00e9 31 de dezembro de 2023. Medida provis\u00f3ria alterou os prazos da lei que estabelece regras para cancelamentos e remarca\u00e7\u00f5es de viagens e \u00a0eventos culturais.<\/span><\/p>\n<p class=\"p1\"><span class=\"s1\">Ser\u00e1 poss\u00edvel remarcar ou obter cr\u00e9dito para adiamentos e cancelamentos realizados tamb\u00e9m em 2022, e n\u00e3o apenas de 2020 e 2021.<\/span><\/p>\n<p class=\"p1\"><span class=\"s1\"><b>Atenuar preju\u00edzos<\/b><\/span><\/p>\n<p class=\"p1\"><span class=\"s1\">O novo texto, proposto pelo Minist\u00e9rio do Turismo e pelo da Justi\u00e7a, foi publicado na semana passada. Tem como objetivo atenuar os efeitos da crise no setor decorrente da<span class=\"Apple-converted-space\">\u00a0C<\/span>ovid-19. Esta \u00e9 a segunda vez, desde 2020, que esses prazos s\u00e3o alterados, em raz\u00e3o da continuidade da pandemia.<br \/>\n<\/span><\/p>\n<p class=\"p1\"><span class=\"s1\">A Associa\u00e7\u00e3o Brasileira de Agentes de Viagens (Abav) comemorou a medida, pois as ag\u00eancias, os hot\u00e9is e empresas de transporte ganham mais tempo e f\u00f4lego para se reorganizarem. A MP foi um pedido da entidade.<\/span><\/p>\n<p class=\"p1\"><span class=\"s1\"><b>Reembolso <\/b><\/span><\/p>\n<p class=\"p1\"><span class=\"s1\">Foi inclu\u00eddo, tamb\u00e9m, prazo para que prestadores de servi\u00e7os realizem os reembolsos aos consumidores em rela\u00e7\u00e3o a reservas e eventos cancelados entre 1\u00ba de janeiro e 31 de dezembro de 2022. Este ser\u00e1 at\u00e9 o fim de 2023.<br \/>\n<\/span><\/p>\n<p class=\"p1\"><span class=\"s1\">J\u00e1 o prazo para os cancelamentos realizados em 2020 e 2021 continua o mesmo, ou seja, 31 de dezembro de 2022.<\/span><\/p>\n<p>O prestador de servi\u00e7o ou a empresa dever\u00e1 restituir o valor recebido ao consumidor somente na hip\u00f3tese de ficarem impossibilitados de oferecer a remarca\u00e7\u00e3o ou a disponibiliza\u00e7\u00e3o de cr\u00e9dito.<\/p>\n","protected":false},"excerpt":{"rendered":"<p>Por Samanta Sallum O prazo para o consumidor remarcar e utilizar o cr\u00e9dito para uso ou abatimento na compra de servi\u00e7os tur\u00edsticos passa a ser at\u00e9 31 de dezembro de 2023. Medida provis\u00f3ria alterou os prazos da lei que estabelece regras para cancelamentos e remarca\u00e7\u00f5es de viagens e \u00a0eventos culturais. Ser\u00e1 poss\u00edvel remarcar ou obter cr\u00e9dito para adiamentos e cancelamentos [&hellip;]<\/p>\n","protected":false},"author":125,"featured_media":7112,"comment_status":"open","ping_status":"open","sticky":false,"template":"","format":"standard","meta":{"footnotes":""},"categories":[6],"tags":[893,892,896,895,891,894,194],"class_list":["post-7106","post","type-post","status-publish","format-standard","has-post-thumbnail","hentry","category-coluna-capital-s-a","tag-credito","tag-medidaprovisoria","tag-ministeriodajustica","tag-ministeriodoturismo","tag-reembolso","tag-remarcacoes","tag-viagens"],"_links":{"self":[{"href":"https:\/\/blogs.correiobraziliense.com.br\/capital-sa\/wp-json\/wp\/v2\/posts\/7106","targetHints":{"allow":["GET"]}}],"collection":[{"href":"https:\/\/blogs.correiobraziliense.com.br\/capital-sa\/wp-json\/wp\/v2\/posts"}],"about":[{"href":"https:\/\/blogs.correiobraziliense.com.br\/capital-sa\/wp-json\/wp\/v2\/types\/post"}],"author":[{"embeddable":true,"href":"https:\/\/blogs.correiobraziliense.com.br\/capital-sa\/wp-json\/wp\/v2\/users\/125"}],"replies":[{"embeddable":true,"href":"https:\/\/blogs.correiobraziliense.com.br\/capital-sa\/wp-json\/wp\/v2\/comments?post=7106"}],"version-history":[{"count":14,"href":"https:\/\/blogs.correiobraziliense.com.br\/capital-sa\/wp-json\/wp\/v2\/posts\/7106\/revisions"}],"predecessor-version":[{"id":7122,"href":"https:\/\/blogs.correiobraziliense.com.br\/capital-sa\/wp-json\/wp\/v2\/posts\/7106\/revisions\/7122"}],"wp:featuredmedia":[{"embeddable":true,"href":"https:\/\/blogs.correiobraziliense.com.br\/capital-sa\/wp-json\/wp\/v2\/media\/7112"}],"wp:attachment":[{"href":"https:\/\/blogs.correiobraziliense.com.br\/capital-sa\/wp-json\/wp\/v2\/media?parent=7106"}],"wp:term":[{"taxonomy":"category","embeddable":true,"href":"https:\/\/blogs.correiobraziliense.com.br\/capital-sa\/wp-json\/wp\/v2\/categories?post=7106"},{"taxonomy":"post_tag","embeddable":true,"href":"https:\/\/blogs.correiobraziliense.com.br\/capital-sa\/wp-json\/wp\/v2\/tags?post=7106"}],"curies":[{"name":"wp","href":"https:\/\/api.w.org\/{rel}","templated":true}]}}