{"id":71,"date":"2020-09-29T09:40:48","date_gmt":"2020-09-29T12:40:48","guid":{"rendered":"https:\/\/blogs.correiobraziliense.com.br\/capital-sa\/?p=71"},"modified":"2020-09-29T09:40:48","modified_gmt":"2020-09-29T12:40:48","slug":"adpf-lanca-iniciativa-para-startups-do-df","status":"publish","type":"post","link":"https:\/\/blogs.correiobraziliense.com.br\/capital-sa\/2020\/09\/29\/adpf-lanca-iniciativa-para-startups-do-df\/","title":{"rendered":"ADPF lan\u00e7a iniciativa para startups do DF"},"content":{"rendered":"<p>Bras\u00edlia \u00e9 campo f\u00e9rtil para esse segmento que une criatividade, inova\u00e7\u00e3o e tecnologia. E um mercado que se expande \u00e9 o da seguran\u00e7a privada e p\u00fablica. Cada vez mais novos equipamentos e softwares s\u00e3o criados para melhorar a efici\u00eancia das a\u00e7\u00f5es contra o crime.<\/p>\n<p>Por isso, a Associa\u00e7\u00e3o Nacional dos Delegados da Pol\u00edcia Federal (ADPF) acaba de lan\u00e7ar iniciativa para startups do DF. Com o objetivo de apoiar novos projetos com esse foco, a edi\u00e7\u00e3o 2020 do Simp\u00f3sio Internacional convida a esse um desafio na Edi\u00e7\u00e3o Online \u2014 InTeSeg (Inova\u00e7\u00e3o, Tecnologia e Seguran\u00e7a).<\/p>\n<p>A iniciativa \u00e9 destinada aos empreendedores de startups do Distrito Federal e tem o prop\u00f3sito de incentivar a produ\u00e7\u00e3o de novas tecnologias para moderniza\u00e7\u00e3o e melhoria da efetividade na seguran\u00e7a p\u00fablica do Brasil.<\/p>\n<p>Em 2020, a edi\u00e7\u00e3o do Simp\u00f3sio ser\u00e1 on-line e acontece de 19 a 21 de outubro. Mais informa\u00e7\u00f5es e inscri\u00e7\u00f5es de projetos em: https:\/\/www.simposioseguranca.com.br\/desafio\/<\/p>\n","protected":false},"excerpt":{"rendered":"<p>Bras\u00edlia \u00e9 campo f\u00e9rtil para esse segmento que une criatividade, inova\u00e7\u00e3o e tecnologia. E um mercado que se expande \u00e9 o da seguran\u00e7a privada e p\u00fablica. Cada vez mais novos equipamentos e softwares s\u00e3o criados para melhorar a efici\u00eancia das a\u00e7\u00f5es contra o crime. Por isso, a Associa\u00e7\u00e3o Nacional dos Delegados da Pol\u00edcia Federal (ADPF) acaba de lan\u00e7ar iniciativa para [&hellip;]<\/p>\n","protected":false},"author":125,"featured_media":72,"comment_status":"open","ping_status":"open","sticky":false,"template":"","format":"standard","meta":{"footnotes":""},"categories":[6],"tags":[30,31,32,33],"class_list":["post-71","post","type-post","status-publish","format-standard","has-post-thumbnail","hentry","category-coluna-capital-s-a","tag-adpf","tag-policia-federal","tag-startup","tag-tecnologia"],"_links":{"self":[{"href":"https:\/\/blogs.correiobraziliense.com.br\/capital-sa\/wp-json\/wp\/v2\/posts\/71","targetHints":{"allow":["GET"]}}],"collection":[{"href":"https:\/\/blogs.correiobraziliense.com.br\/capital-sa\/wp-json\/wp\/v2\/posts"}],"about":[{"href":"https:\/\/blogs.correiobraziliense.com.br\/capital-sa\/wp-json\/wp\/v2\/types\/post"}],"author":[{"embeddable":true,"href":"https:\/\/blogs.correiobraziliense.com.br\/capital-sa\/wp-json\/wp\/v2\/users\/125"}],"replies":[{"embeddable":true,"href":"https:\/\/blogs.correiobraziliense.com.br\/capital-sa\/wp-json\/wp\/v2\/comments?post=71"}],"version-history":[{"count":1,"href":"https:\/\/blogs.correiobraziliense.com.br\/capital-sa\/wp-json\/wp\/v2\/posts\/71\/revisions"}],"predecessor-version":[{"id":73,"href":"https:\/\/blogs.correiobraziliense.com.br\/capital-sa\/wp-json\/wp\/v2\/posts\/71\/revisions\/73"}],"wp:featuredmedia":[{"embeddable":true,"href":"https:\/\/blogs.correiobraziliense.com.br\/capital-sa\/wp-json\/wp\/v2\/media\/72"}],"wp:attachment":[{"href":"https:\/\/blogs.correiobraziliense.com.br\/capital-sa\/wp-json\/wp\/v2\/media?parent=71"}],"wp:term":[{"taxonomy":"category","embeddable":true,"href":"https:\/\/blogs.correiobraziliense.com.br\/capital-sa\/wp-json\/wp\/v2\/categories?post=71"},{"taxonomy":"post_tag","embeddable":true,"href":"https:\/\/blogs.correiobraziliense.com.br\/capital-sa\/wp-json\/wp\/v2\/tags?post=71"}],"curies":[{"name":"wp","href":"https:\/\/api.w.org\/{rel}","templated":true}]}}