{"id":7093,"date":"2022-03-02T08:17:31","date_gmt":"2022-03-02T11:17:31","guid":{"rendered":"https:\/\/blogs.correiobraziliense.com.br\/capital-sa\/?p=7093"},"modified":"2022-03-02T23:33:40","modified_gmt":"2022-03-03T02:33:40","slug":"brasiliense-se-destaca-em-bordado-e-ganha-premio","status":"publish","type":"post","link":"https:\/\/blogs.correiobraziliense.com.br\/capital-sa\/2022\/03\/02\/brasiliense-se-destaca-em-bordado-e-ganha-premio\/","title":{"rendered":"Brasiliense se destaca no bordado e ganha pr\u00eamio"},"content":{"rendered":"<p class=\"p1\">Por Samanta Sallum<\/p>\n<p class=\"p1\"><span class=\"s2\">Autodidata, Gabriela Feitosa, de 21 anos, conseguiu dominar uma t\u00e9cnica inovadora que lhe garantiu destaque no 1\u00ba Pr\u00eamio Bras\u00edlia de Artesanato.<\/span><span class=\"s1\"> Na inf\u00e2ncia, costumava observar a m\u00e3e, uma artes\u00e3 de m\u00e3o cheia especializada em croch\u00ea. Rapidamente, ela aprendeu as artes manuais. Com a pandemia, o que era at\u00e9 ent\u00e3o um <\/span><span class=\"s2\">hobby <\/span><span class=\"s1\">virou uma fonte de renda e uma forma de se ocupar em casa no per\u00edodo de isolamento social. <\/span><\/p>\n<p class=\"p1\"><span class=\"s1\"><b>Sucesso nas redes sociais <\/b><\/span><\/p>\n<p class=\"p1\"><span class=\"s1\">&#8220;Fiquei com t\u00e9dio, literalmente. N\u00e3o tinha muito o que fazer em casa. Ent\u00e3o, decidi me aprimorar no bordado&#8221;, recorda Gabriela, que tinha uma rotina agitada com a faculdade de contabilidade e o est\u00e1gio. Come\u00e7ou a divulgar suas cria\u00e7\u00f5es no Instagram e logo as encomendas chegaram com o sucesso do trabalho.<\/span><\/p>\n<p class=\"p1\"><span class=\"s1\"><b>Pintura de agulha <\/b><\/span><\/p>\n<p class=\"p1\"><span class=\"s1\">Gabriela conheceu e se encantou pela pintura de agulha, t\u00e9cnica que d\u00e1 um aspecto de pintura ao bordado, ou seja, proporciona um aspecto mais realista, com cores, nuances e sombras. &#8220;\u00c9 uma t\u00e9cnica ainda pouco difundida no Brasil, mas que agrada \u00e0s pessoas, por apresentar um resultado visual muito bonito&#8221;, explica. O trabalho lhe rendeu o terceiro lugar<span class=\"Apple-converted-space\">\u00a0<\/span>no <\/span><span class=\"s2\">1\u00ba Pr\u00eamio Bras\u00edlia de Artesanato<\/span><span class=\"s1\">, concurso promovido no fim de 2021 pelo Sebrae do Distrito Federal, em parceria com o BRB e a Secretaria de Turismo do DF.<\/span><\/p>\n<p><img loading=\"lazy\" decoding=\"async\" class=\"aligncenter size-medium wp-image-7097\" src=\"https:\/\/blogs.correiobraziliense.com.br\/capital-sa\/wp-content\/uploads\/sites\/59\/2022\/03\/B332A244-AF5B-4923-9027-1D3DD0E85E3F-300x200.jpeg\" alt=\"\" width=\"300\" height=\"200\" srcset=\"https:\/\/blogs.correiobraziliense.com.br\/capital-sa\/wp-content\/uploads\/sites\/59\/2022\/03\/B332A244-AF5B-4923-9027-1D3DD0E85E3F-300x200.jpeg 300w, https:\/\/blogs.correiobraziliense.com.br\/capital-sa\/wp-content\/uploads\/sites\/59\/2022\/03\/B332A244-AF5B-4923-9027-1D3DD0E85E3F-768x512.jpeg 768w, https:\/\/blogs.correiobraziliense.com.br\/capital-sa\/wp-content\/uploads\/sites\/59\/2022\/03\/B332A244-AF5B-4923-9027-1D3DD0E85E3F-1024x682.jpeg 1024w, https:\/\/blogs.correiobraziliense.com.br\/capital-sa\/wp-content\/uploads\/sites\/59\/2022\/03\/B332A244-AF5B-4923-9027-1D3DD0E85E3F-800x533.jpeg 800w, https:\/\/blogs.correiobraziliense.com.br\/capital-sa\/wp-content\/uploads\/sites\/59\/2022\/03\/B332A244-AF5B-4923-9027-1D3DD0E85E3F-550x367.jpeg 550w, https:\/\/blogs.correiobraziliense.com.br\/capital-sa\/wp-content\/uploads\/sites\/59\/2022\/03\/B332A244-AF5B-4923-9027-1D3DD0E85E3F-230x153.jpeg 230w, https:\/\/blogs.correiobraziliense.com.br\/capital-sa\/wp-content\/uploads\/sites\/59\/2022\/03\/B332A244-AF5B-4923-9027-1D3DD0E85E3F.jpeg 1280w\" sizes=\"auto, (max-width: 300px) 100vw, 300px\" \/><\/p>\n<p class=\"p1\"><span class=\"s1\"><b>Valorizar o Cerrado<\/b><\/span><\/p>\n<p class=\"p1\"><span class=\"s1\"> A premia\u00e7\u00e3o ajudou a valorizar a identidade cultural do DF, evidenciando a regi\u00e3o. O bordado de Gabriela trouxe o lobo-guar\u00e1, um dos principais s\u00edmbolos do Cerrado. &#8220;Esse apoio do Sebrae \u00e9 muito importante para estimular nosso trabalho&#8221;, destaca. Confira as cria\u00e7\u00f5es de Gabriela no perfil\u00a0<\/span>@sempregabrielabordados.<\/p>\n","protected":false},"excerpt":{"rendered":"<p>Por Samanta Sallum Autodidata, Gabriela Feitosa, de 21 anos, conseguiu dominar uma t\u00e9cnica inovadora que lhe garantiu destaque no 1\u00ba Pr\u00eamio Bras\u00edlia de Artesanato. Na inf\u00e2ncia, costumava observar a m\u00e3e, uma artes\u00e3 de m\u00e3o cheia especializada em croch\u00ea. Rapidamente, ela aprendeu as artes manuais. Com a pandemia, o que era at\u00e9 ent\u00e3o um hobby virou uma fonte de renda e [&hellip;]<\/p>\n","protected":false},"author":125,"featured_media":7096,"comment_status":"open","ping_status":"open","sticky":false,"template":"","format":"standard","meta":{"footnotes":""},"categories":[6],"tags":[890,887,888,889,331],"class_list":["post-7093","post","type-post","status-publish","format-standard","has-post-thumbnail","hentry","category-coluna-capital-s-a","tag-1opremiobrasiliadeartesanato","tag-bordados","tag-cerrado","tag-croche","tag-premio"],"_links":{"self":[{"href":"https:\/\/blogs.correiobraziliense.com.br\/capital-sa\/wp-json\/wp\/v2\/posts\/7093","targetHints":{"allow":["GET"]}}],"collection":[{"href":"https:\/\/blogs.correiobraziliense.com.br\/capital-sa\/wp-json\/wp\/v2\/posts"}],"about":[{"href":"https:\/\/blogs.correiobraziliense.com.br\/capital-sa\/wp-json\/wp\/v2\/types\/post"}],"author":[{"embeddable":true,"href":"https:\/\/blogs.correiobraziliense.com.br\/capital-sa\/wp-json\/wp\/v2\/users\/125"}],"replies":[{"embeddable":true,"href":"https:\/\/blogs.correiobraziliense.com.br\/capital-sa\/wp-json\/wp\/v2\/comments?post=7093"}],"version-history":[{"count":7,"href":"https:\/\/blogs.correiobraziliense.com.br\/capital-sa\/wp-json\/wp\/v2\/posts\/7093\/revisions"}],"predecessor-version":[{"id":7105,"href":"https:\/\/blogs.correiobraziliense.com.br\/capital-sa\/wp-json\/wp\/v2\/posts\/7093\/revisions\/7105"}],"wp:featuredmedia":[{"embeddable":true,"href":"https:\/\/blogs.correiobraziliense.com.br\/capital-sa\/wp-json\/wp\/v2\/media\/7096"}],"wp:attachment":[{"href":"https:\/\/blogs.correiobraziliense.com.br\/capital-sa\/wp-json\/wp\/v2\/media?parent=7093"}],"wp:term":[{"taxonomy":"category","embeddable":true,"href":"https:\/\/blogs.correiobraziliense.com.br\/capital-sa\/wp-json\/wp\/v2\/categories?post=7093"},{"taxonomy":"post_tag","embeddable":true,"href":"https:\/\/blogs.correiobraziliense.com.br\/capital-sa\/wp-json\/wp\/v2\/tags?post=7093"}],"curies":[{"name":"wp","href":"https:\/\/api.w.org\/{rel}","templated":true}]}}