{"id":7087,"date":"2022-03-01T21:46:34","date_gmt":"2022-03-02T00:46:34","guid":{"rendered":"https:\/\/blogs.correiobraziliense.com.br\/capital-sa\/?p=7087"},"modified":"2022-03-02T23:23:33","modified_gmt":"2022-03-03T02:23:33","slug":"vivo-inaugura-usina-solar-no-paranoa","status":"publish","type":"post","link":"https:\/\/blogs.correiobraziliense.com.br\/capital-sa\/2022\/03\/01\/vivo-inaugura-usina-solar-no-paranoa\/","title":{"rendered":"Vivo inaugura usina solar no Parano\u00e1"},"content":{"rendered":"<p>Por Samanta Sallum<\/p>\n<p class=\"p1\">Em parceria com a Athon Energia, a Vivo chega a 23 usinas em opera\u00e7\u00e3o no pa\u00eds. Acaba de inaugurar duas de fonte solar na \u00e1rea rural do Parano\u00e1. Elas v\u00e3o injetar energia na rede de distribui\u00e7\u00e3o da CEB. Juntas, passam a atender todas as 535 unidades consumidoras da operadora em baixa-tens\u00e3o no Distrito Federal \u2014 como lojas, escrit\u00f3rios, antenas e equipamentos de transmiss\u00e3o da pr\u00f3pria empresa.<\/p>\n<p class=\"p1\"><span class=\"s1\"><b>Meta em 2022<\/b><\/span><\/p>\n<p class=\"p1\"><span class=\"s2\">A meta da Vivo, maior empresa de telecomunica\u00e7\u00f5es do Brasil, \u00e9 ter 85 usinas no pa\u00eds em 2022. Nove ser\u00e3o no Centro-Oeste. Ao todo, atender\u00e3o no pa\u00eds mais de 30 mil unidades da empresa.<\/span><\/p>\n<p class=\"p1\"><span class=\"s2\">&#8220;A iniciativa consolida ainda mais o nosso modelo de neg\u00f3cio sustent\u00e1vel baseado em fatores Ambientais, Sociais e de Governan\u00e7a (ESG). Tamb\u00e9m refor\u00e7a o compromisso de manter nosso consumo de energia 100% renov\u00e1vel, impulsiona a efici\u00eancia, fomenta a economia local e contribui para a redu\u00e7\u00e3o de custos&#8221;, afirma o diretor de Patrim\u00f4nio da Vivo, Caio Guimar\u00e3es.<\/span><\/p>\n","protected":false},"excerpt":{"rendered":"<p>Por Samanta Sallum Em parceria com a Athon Energia, a Vivo chega a 23 usinas em opera\u00e7\u00e3o no pa\u00eds. Acaba de inaugurar duas de fonte solar na \u00e1rea rural do Parano\u00e1. Elas v\u00e3o injetar energia na rede de distribui\u00e7\u00e3o da CEB. Juntas, passam a atender todas as 535 unidades consumidoras da operadora em baixa-tens\u00e3o no Distrito Federal \u2014 como lojas, [&hellip;]<\/p>\n","protected":false},"author":125,"featured_media":7092,"comment_status":"open","ping_status":"open","sticky":false,"template":"","format":"standard","meta":{"footnotes":""},"categories":[6],"tags":[884,142,885,326,886,883,882],"class_list":["post-7087","post","type-post","status-publish","format-standard","has-post-thumbnail","hentry","category-coluna-capital-s-a","tag-athonenergia","tag-centro-oeste","tag-paranoa","tag-sustentabilidade","tag-telecomunicacoes","tag-usina","tag-vivo"],"_links":{"self":[{"href":"https:\/\/blogs.correiobraziliense.com.br\/capital-sa\/wp-json\/wp\/v2\/posts\/7087","targetHints":{"allow":["GET"]}}],"collection":[{"href":"https:\/\/blogs.correiobraziliense.com.br\/capital-sa\/wp-json\/wp\/v2\/posts"}],"about":[{"href":"https:\/\/blogs.correiobraziliense.com.br\/capital-sa\/wp-json\/wp\/v2\/types\/post"}],"author":[{"embeddable":true,"href":"https:\/\/blogs.correiobraziliense.com.br\/capital-sa\/wp-json\/wp\/v2\/users\/125"}],"replies":[{"embeddable":true,"href":"https:\/\/blogs.correiobraziliense.com.br\/capital-sa\/wp-json\/wp\/v2\/comments?post=7087"}],"version-history":[{"count":5,"href":"https:\/\/blogs.correiobraziliense.com.br\/capital-sa\/wp-json\/wp\/v2\/posts\/7087\/revisions"}],"predecessor-version":[{"id":7102,"href":"https:\/\/blogs.correiobraziliense.com.br\/capital-sa\/wp-json\/wp\/v2\/posts\/7087\/revisions\/7102"}],"wp:featuredmedia":[{"embeddable":true,"href":"https:\/\/blogs.correiobraziliense.com.br\/capital-sa\/wp-json\/wp\/v2\/media\/7092"}],"wp:attachment":[{"href":"https:\/\/blogs.correiobraziliense.com.br\/capital-sa\/wp-json\/wp\/v2\/media?parent=7087"}],"wp:term":[{"taxonomy":"category","embeddable":true,"href":"https:\/\/blogs.correiobraziliense.com.br\/capital-sa\/wp-json\/wp\/v2\/categories?post=7087"},{"taxonomy":"post_tag","embeddable":true,"href":"https:\/\/blogs.correiobraziliense.com.br\/capital-sa\/wp-json\/wp\/v2\/tags?post=7087"}],"curies":[{"name":"wp","href":"https:\/\/api.w.org\/{rel}","templated":true}]}}