{"id":707,"date":"2020-11-19T10:04:34","date_gmt":"2020-11-19T13:04:34","guid":{"rendered":"https:\/\/blogs.correiobraziliense.com.br\/capital-sa\/?p=707"},"modified":"2020-11-19T10:04:34","modified_gmt":"2020-11-19T13:04:34","slug":"complexo-flor-do-mirante","status":"publish","type":"post","link":"https:\/\/blogs.correiobraziliense.com.br\/capital-sa\/2020\/11\/19\/complexo-flor-do-mirante\/","title":{"rendered":"Complexo Flor do Mirante"},"content":{"rendered":"<div dir=\"ltr\">\n<div dir=\"ltr\">\n<p>A empresa Torre Digital Flor do Cerrado SPE Ltda. assumiu a gest\u00e3o do Complexo Flor do Mirante, que inclui a Torre de TV Digital. O repasse para a iniciativa privada pretende potencializar as atividades no monumento, nas lojas e nos boxes existentes, bem como no espa\u00e7o destinado a estacionamento, que permite a realiza\u00e7\u00e3o de shows e eventos.<\/p>\n<\/div>\n<\/div>\n<div dir=\"ltr\">\n<div dir=\"ltr\">\n<p>Segundo o diretor comercial da Terracap, J\u00falio C\u00e9sar Reis, o setor p\u00fablico n\u00e3o tem a expertise para administrar e gerir esses espa\u00e7os. \u201cEssa \u00e9 uma atividade eminentemente privada\u201d, afirma.<\/p>\n<\/div>\n<\/div>\n<div dir=\"ltr\">\n<div dir=\"ltr\">\n<p>A concess\u00e3o do complexo render\u00e1 \u00e0 Terracap, ao menos, R$ 113,7 mil ao m\u00eas pelos 15 anos de contrato, al\u00e9m da economia com os gastos de manuten\u00e7\u00e3o do local.<\/p>\n<\/div>\n<\/div>\n<div dir=\"ltr\">\n<div dir=\"ltr\">\n<p><strong>Visita\u00e7\u00e3o<\/strong><\/p>\n<\/div>\n<\/div>\n<div dir=\"ltr\">\n<div dir=\"ltr\">\n<p>A transfer\u00eancia da Torre Digital para a iniciativa privada n\u00e3o vai interferir na visita\u00e7\u00e3o p\u00fablica ao espa\u00e7o. A concession\u00e1ria \u00e9 obrigada a abrir o monumento ao p\u00fablico em geral, de ter\u00e7a a domingo, por um per\u00edodo m\u00ednimo de seis horas. O acesso ao mirante seguir\u00e1 todas as normas de seguran\u00e7a durante a pandemia. Entre os servi\u00e7os prestados pela nova gest\u00e3o est\u00e3o: limpeza; seguran\u00e7a e vigil\u00e2ncia; brigada, entre outros.<\/p>\n<\/div>\n<\/div>\n<div dir=\"ltr\">\n<div dir=\"ltr\">\n<p><strong>Bares, lojas e cinemas<\/strong><\/p>\n<\/div>\n<\/div>\n<div dir=\"ltr\">\n<div dir=\"ltr\">\n<blockquote><p>\u201cMesmo nesta situa\u00e7\u00e3o de pandemia, continuamos a acreditar no futuro de Bras\u00edlia. Podemos fazer daquela \u00e1rea uma oportunidade de turismo, entretenimento e, ainda, melhorar a gest\u00e3o\u201d, disse o novo administrador, <strong>Richard Dubois<\/strong>.<\/p><\/blockquote>\n<\/div>\n<\/div>\n<div dir=\"ltr\">\n<div dir=\"ltr\">\n<p>O terreno tem 48,9 mil m\u00b2. Ao todo, s\u00e3o oito lotes. Quatro deles est\u00e3o ocupados, os outros t\u00eam potencial de constru\u00e7\u00e3o, com possibilidade para novas atividades econ\u00f4micas. O ponto tur\u00edstico pode abrigar um complexo com lojas, bares, restaurantes e cinemas.<\/p>\n<\/div>\n<\/div>\n","protected":false},"excerpt":{"rendered":"<p>A empresa Torre Digital Flor do Cerrado SPE Ltda. assumiu a gest\u00e3o do Complexo Flor do Mirante, que inclui a Torre de TV Digital. O repasse para a iniciativa privada pretende potencializar as atividades no monumento, nas lojas e nos boxes existentes, bem como no espa\u00e7o destinado a estacionamento, que permite a realiza\u00e7\u00e3o de shows e eventos. Segundo o diretor [&hellip;]<\/p>\n","protected":false},"author":125,"featured_media":708,"comment_status":"open","ping_status":"open","sticky":false,"template":"","format":"standard","meta":{"footnotes":""},"categories":[6],"tags":[106],"class_list":["post-707","post","type-post","status-publish","format-standard","has-post-thumbnail","hentry","category-coluna-capital-s-a","tag-leilao-torredigital-complexoflordomirante-cinemas-bares-lojas-terracap"],"_links":{"self":[{"href":"https:\/\/blogs.correiobraziliense.com.br\/capital-sa\/wp-json\/wp\/v2\/posts\/707","targetHints":{"allow":["GET"]}}],"collection":[{"href":"https:\/\/blogs.correiobraziliense.com.br\/capital-sa\/wp-json\/wp\/v2\/posts"}],"about":[{"href":"https:\/\/blogs.correiobraziliense.com.br\/capital-sa\/wp-json\/wp\/v2\/types\/post"}],"author":[{"embeddable":true,"href":"https:\/\/blogs.correiobraziliense.com.br\/capital-sa\/wp-json\/wp\/v2\/users\/125"}],"replies":[{"embeddable":true,"href":"https:\/\/blogs.correiobraziliense.com.br\/capital-sa\/wp-json\/wp\/v2\/comments?post=707"}],"version-history":[{"count":2,"href":"https:\/\/blogs.correiobraziliense.com.br\/capital-sa\/wp-json\/wp\/v2\/posts\/707\/revisions"}],"predecessor-version":[{"id":710,"href":"https:\/\/blogs.correiobraziliense.com.br\/capital-sa\/wp-json\/wp\/v2\/posts\/707\/revisions\/710"}],"wp:featuredmedia":[{"embeddable":true,"href":"https:\/\/blogs.correiobraziliense.com.br\/capital-sa\/wp-json\/wp\/v2\/media\/708"}],"wp:attachment":[{"href":"https:\/\/blogs.correiobraziliense.com.br\/capital-sa\/wp-json\/wp\/v2\/media?parent=707"}],"wp:term":[{"taxonomy":"category","embeddable":true,"href":"https:\/\/blogs.correiobraziliense.com.br\/capital-sa\/wp-json\/wp\/v2\/categories?post=707"},{"taxonomy":"post_tag","embeddable":true,"href":"https:\/\/blogs.correiobraziliense.com.br\/capital-sa\/wp-json\/wp\/v2\/tags?post=707"}],"curies":[{"name":"wp","href":"https:\/\/api.w.org\/{rel}","templated":true}]}}