{"id":7064,"date":"2022-02-26T08:20:58","date_gmt":"2022-02-26T11:20:58","guid":{"rendered":"https:\/\/blogs.correiobraziliense.com.br\/capital-sa\/?p=7064"},"modified":"2022-03-02T23:24:07","modified_gmt":"2022-03-03T02:24:07","slug":"carnaval-pode-ou-nao-fantasia-na-rua","status":"publish","type":"post","link":"https:\/\/blogs.correiobraziliense.com.br\/capital-sa\/2022\/02\/26\/carnaval-pode-ou-nao-fantasia-na-rua\/","title":{"rendered":"Carnaval: pode ou n\u00e3o fantasia na rua?"},"content":{"rendered":"<p class=\"p1\">Por Samanta Sallum<\/p>\n<p class=\"p1\"><span class=\"s1\">Gerou pol\u00eamica a declara\u00e7\u00e3o do secret\u00e1rio do DF Legal, Cristiano Mangueira, que estabelecimento com gente fantasiada seria multado e interditado.<\/span><\/p>\n<blockquote>\n<p class=\"p1\"><span class=\"s1\"> &#8220;O carnaval est\u00e1 proibido com o intuito de evitar aglomera\u00e7\u00f5es. \u00c9 neste sentido que a fiscaliza\u00e7\u00e3o deve atuar, e n\u00e3o pelo simples fato de algu\u00e9m estar usando uma fantasia.<span class=\"Apple-converted-space\">\u00a0 <\/span>Creio que a\u00a0<\/span>fala do secret\u00e1rio Cristiano foi mal-interpretada&#8221;,\u00a0 Jael Silva presidente do Sindhobar.<\/p>\n<\/blockquote>\n<p class=\"p1\"><b><span class=\"s1\">M\u00fasica ao vivo, mas\u00a0<\/span>sem ingresso<\/b><\/p>\n<p class=\"p1\"><span class=\"s1\">De acordo com a Secretaria DF Legal, o que est\u00e1 vedado pelo Decreto n\u00ba 42.898\/21 s\u00e3o celebra\u00e7\u00f5es carnavalescas em qualquer tipo de estabelecimento. A pessoa pode se fantasiar durante o carnaval desde que ela n\u00e3o esteja participando de um evento com divulga\u00e7\u00e3o de festa e ornamenta\u00e7\u00e3o.<br \/>\n<\/span><\/p>\n<p>Podem funcionar bares com m\u00fasica ao vivo, por\u00e9m sem cobran\u00e7a de ingresso e sem espa\u00e7o para dan\u00e7a. Mas est\u00e1 autorizado o couvert art\u00edstico.<\/p>\n","protected":false},"excerpt":{"rendered":"<p>Por Samanta Sallum Gerou pol\u00eamica a declara\u00e7\u00e3o do secret\u00e1rio do DF Legal, Cristiano Mangueira, que estabelecimento com gente fantasiada seria multado e interditado. &#8220;O carnaval est\u00e1 proibido com o intuito de evitar aglomera\u00e7\u00f5es. \u00c9 neste sentido que a fiscaliza\u00e7\u00e3o deve atuar, e n\u00e3o pelo simples fato de algu\u00e9m estar usando uma fantasia.\u00a0 Creio que a\u00a0fala do secret\u00e1rio Cristiano foi mal-interpretada&#8221;,\u00a0 [&hellip;]<\/p>\n","protected":false},"author":125,"featured_media":7072,"comment_status":"open","ping_status":"open","sticky":false,"template":"","format":"standard","meta":{"footnotes":""},"categories":[6],"tags":[876,878,202],"class_list":["post-7064","post","type-post","status-publish","format-standard","has-post-thumbnail","hentry","category-coluna-capital-s-a","tag-carnaval","tag-fantasia","tag-fiscalizacao"],"_links":{"self":[{"href":"https:\/\/blogs.correiobraziliense.com.br\/capital-sa\/wp-json\/wp\/v2\/posts\/7064","targetHints":{"allow":["GET"]}}],"collection":[{"href":"https:\/\/blogs.correiobraziliense.com.br\/capital-sa\/wp-json\/wp\/v2\/posts"}],"about":[{"href":"https:\/\/blogs.correiobraziliense.com.br\/capital-sa\/wp-json\/wp\/v2\/types\/post"}],"author":[{"embeddable":true,"href":"https:\/\/blogs.correiobraziliense.com.br\/capital-sa\/wp-json\/wp\/v2\/users\/125"}],"replies":[{"embeddable":true,"href":"https:\/\/blogs.correiobraziliense.com.br\/capital-sa\/wp-json\/wp\/v2\/comments?post=7064"}],"version-history":[{"count":10,"href":"https:\/\/blogs.correiobraziliense.com.br\/capital-sa\/wp-json\/wp\/v2\/posts\/7064\/revisions"}],"predecessor-version":[{"id":7103,"href":"https:\/\/blogs.correiobraziliense.com.br\/capital-sa\/wp-json\/wp\/v2\/posts\/7064\/revisions\/7103"}],"wp:featuredmedia":[{"embeddable":true,"href":"https:\/\/blogs.correiobraziliense.com.br\/capital-sa\/wp-json\/wp\/v2\/media\/7072"}],"wp:attachment":[{"href":"https:\/\/blogs.correiobraziliense.com.br\/capital-sa\/wp-json\/wp\/v2\/media?parent=7064"}],"wp:term":[{"taxonomy":"category","embeddable":true,"href":"https:\/\/blogs.correiobraziliense.com.br\/capital-sa\/wp-json\/wp\/v2\/categories?post=7064"},{"taxonomy":"post_tag","embeddable":true,"href":"https:\/\/blogs.correiobraziliense.com.br\/capital-sa\/wp-json\/wp\/v2\/tags?post=7064"}],"curies":[{"name":"wp","href":"https:\/\/api.w.org\/{rel}","templated":true}]}}