{"id":7054,"date":"2022-02-25T02:21:28","date_gmt":"2022-02-25T05:21:28","guid":{"rendered":"https:\/\/blogs.correiobraziliense.com.br\/capital-sa\/?p=7054"},"modified":"2022-02-25T12:32:30","modified_gmt":"2022-02-25T15:32:30","slug":"bloco-dos-empresarios-leva-demandas-a-secretaria-de-economia","status":"publish","type":"post","link":"https:\/\/blogs.correiobraziliense.com.br\/capital-sa\/2022\/02\/25\/bloco-dos-empresarios-leva-demandas-a-secretaria-de-economia\/","title":{"rendered":"Bloco dos empres\u00e1rios leva demandas \u00e0 Secretaria de Economia"},"content":{"rendered":"<p class=\"p1\">Por Samanta Sallum<\/p>\n<p class=\"p1\"><span class=\"s1\">A movimenta\u00e7\u00e3o foi intensa ontem na Secretaria de Economia do DF. Apesar de organizados em bloco, o clima n\u00e3o era de carnaval, e, sim, de muito trabalho. Com o in\u00edcio do ano, representantes do setor produtivo preferiram se adiantar e n\u00e3o deixar nada para depois do feriado, pois v\u00e1rias demandas s\u00e3o urgentes. Lideran\u00e7as do setor atacadista e da C\u00e2mara de Dirigentes Lojistas (CDL) estiveram reunidos com o secret\u00e1rio da pasta, Jos\u00e9 Itamar Feitosa.<\/span><\/p>\n<p class=\"p1\"><span class=\"s1\"><b>Substitui\u00e7\u00e3o tribut\u00e1ria <\/b><\/span><\/p>\n<p class=\"p1\"><span class=\"s1\">Entre os temas abordados, estavam a prorroga\u00e7\u00e3o do prazo de recolhimento do ICMS-ST; o cr\u00e9dito outorgado nas transfer\u00eancias interestaduais e produtos com Substitui\u00e7\u00e3o Tribut\u00e1ria no DF; ajuste dessa opera\u00e7\u00e3o para tintas, vernizes, telhas, l\u00e2mpadas, ra\u00e7\u00e3o animal e sorvetes; e a retirada da Substitui\u00e7\u00e3o Tribut\u00e1ria em pe\u00e7as de bicicletas.<br \/>\n<\/span><\/p>\n<blockquote><p>&#8220;Nossos pleitos foram bem recebidos pelo governo, que ficou de estudar internamente quais podem ser acatados e quando podemos viabiliz\u00e1-los&#8221;, disse o presidente do Sindiatacadista\/DF, Lysipo Gomide.<\/p><\/blockquote>\n<p class=\"p1\"><span class=\"s1\"><b>Aumento de faixa para o\u00a0<\/b><\/span><b>Simples Nacional<\/b><\/p>\n<p class=\"p1\"><span class=\"s1\">J\u00e1 em outra reuni\u00e3o, lideran\u00e7as da CDL com a deputada J\u00falia Lucy (Novo) pediram a retirada da Substitui\u00e7\u00e3o Tribut\u00e1ria para as pequenas empresas do Simples Nacional. O aumento da<span class=\"Apple-converted-space\">\u00a0<\/span>faixa de faturamento no DF para que se encaixem no Simples Nacional. O pleito \u00e9 que seja elevada de R$ 3,6 milh\u00f5es para<span class=\"Apple-converted-space\">\u00a0 <\/span>R$ 4,8 milh\u00f5es anual.<\/span><\/p>\n<p><img loading=\"lazy\" decoding=\"async\" class=\"aligncenter size-medium wp-image-7060\" src=\"https:\/\/blogs.correiobraziliense.com.br\/capital-sa\/wp-content\/uploads\/sites\/59\/2022\/02\/5942E3C5-6DDE-431E-A1EA-6ABAAC0097FD-300x200.jpeg\" alt=\"\" width=\"300\" height=\"200\" srcset=\"https:\/\/blogs.correiobraziliense.com.br\/capital-sa\/wp-content\/uploads\/sites\/59\/2022\/02\/5942E3C5-6DDE-431E-A1EA-6ABAAC0097FD-300x200.jpeg 300w, https:\/\/blogs.correiobraziliense.com.br\/capital-sa\/wp-content\/uploads\/sites\/59\/2022\/02\/5942E3C5-6DDE-431E-A1EA-6ABAAC0097FD-768x512.jpeg 768w, https:\/\/blogs.correiobraziliense.com.br\/capital-sa\/wp-content\/uploads\/sites\/59\/2022\/02\/5942E3C5-6DDE-431E-A1EA-6ABAAC0097FD-1024x682.jpeg 1024w, https:\/\/blogs.correiobraziliense.com.br\/capital-sa\/wp-content\/uploads\/sites\/59\/2022\/02\/5942E3C5-6DDE-431E-A1EA-6ABAAC0097FD-800x533.jpeg 800w, https:\/\/blogs.correiobraziliense.com.br\/capital-sa\/wp-content\/uploads\/sites\/59\/2022\/02\/5942E3C5-6DDE-431E-A1EA-6ABAAC0097FD-550x367.jpeg 550w, https:\/\/blogs.correiobraziliense.com.br\/capital-sa\/wp-content\/uploads\/sites\/59\/2022\/02\/5942E3C5-6DDE-431E-A1EA-6ABAAC0097FD-230x153.jpeg 230w, https:\/\/blogs.correiobraziliense.com.br\/capital-sa\/wp-content\/uploads\/sites\/59\/2022\/02\/5942E3C5-6DDE-431E-A1EA-6ABAAC0097FD.jpeg 1280w\" sizes=\"auto, (max-width: 300px) 100vw, 300px\" \/><\/p>\n<p><b>Secret\u00e1rio Rock and Roll<\/b><\/p>\n<p class=\"p1\"><span class=\"s1\">Apesar do clima de carnaval, &#8220;a praia&#8221; do secret\u00e1rio de Economia, Itamar Feitosa, \u00e9 outra. Ele \u00e9 roqueiro de carteirinha e toca baixo numa banda em Bras\u00edlia. E\u00a0<\/span>foi nesse estilo, cal\u00e7a jeans e camiseta preta da banda ACDC, que ele recebeu ontem os empres\u00e1rios. O terno e gravata s\u00f3 voltam depois do carnaval. Feitosa ouviu as demandas do empres\u00e1rios e ficou de avaliar com a equipe t\u00e9cnica a viabilidade delas.<\/p>\n","protected":false},"excerpt":{"rendered":"<p>Por Samanta Sallum A movimenta\u00e7\u00e3o foi intensa ontem na Secretaria de Economia do DF. Apesar de organizados em bloco, o clima n\u00e3o era de carnaval, e, sim, de muito trabalho. Com o in\u00edcio do ano, representantes do setor produtivo preferiram se adiantar e n\u00e3o deixar nada para depois do feriado, pois v\u00e1rias demandas s\u00e3o urgentes. Lideran\u00e7as do setor atacadista e [&hellip;]<\/p>\n","protected":false},"author":125,"featured_media":7058,"comment_status":"open","ping_status":"open","sticky":false,"template":"","format":"standard","meta":{"footnotes":""},"categories":[6],"tags":[874,876,276,161,877,872,555,873,870,871,560,875],"class_list":["post-7054","post","type-post","status-publish","format-standard","has-post-thumbnail","hentry","category-coluna-capital-s-a","tag-acdc","tag-carnaval","tag-economia","tag-empresarios","tag-icms-st","tag-pleito","tag-reuniao","tag-rockandroll","tag-secretario","tag-simplesnacional","tag-sindiatacadista","tag-tributos"],"_links":{"self":[{"href":"https:\/\/blogs.correiobraziliense.com.br\/capital-sa\/wp-json\/wp\/v2\/posts\/7054","targetHints":{"allow":["GET"]}}],"collection":[{"href":"https:\/\/blogs.correiobraziliense.com.br\/capital-sa\/wp-json\/wp\/v2\/posts"}],"about":[{"href":"https:\/\/blogs.correiobraziliense.com.br\/capital-sa\/wp-json\/wp\/v2\/types\/post"}],"author":[{"embeddable":true,"href":"https:\/\/blogs.correiobraziliense.com.br\/capital-sa\/wp-json\/wp\/v2\/users\/125"}],"replies":[{"embeddable":true,"href":"https:\/\/blogs.correiobraziliense.com.br\/capital-sa\/wp-json\/wp\/v2\/comments?post=7054"}],"version-history":[{"count":7,"href":"https:\/\/blogs.correiobraziliense.com.br\/capital-sa\/wp-json\/wp\/v2\/posts\/7054\/revisions"}],"predecessor-version":[{"id":7063,"href":"https:\/\/blogs.correiobraziliense.com.br\/capital-sa\/wp-json\/wp\/v2\/posts\/7054\/revisions\/7063"}],"wp:featuredmedia":[{"embeddable":true,"href":"https:\/\/blogs.correiobraziliense.com.br\/capital-sa\/wp-json\/wp\/v2\/media\/7058"}],"wp:attachment":[{"href":"https:\/\/blogs.correiobraziliense.com.br\/capital-sa\/wp-json\/wp\/v2\/media?parent=7054"}],"wp:term":[{"taxonomy":"category","embeddable":true,"href":"https:\/\/blogs.correiobraziliense.com.br\/capital-sa\/wp-json\/wp\/v2\/categories?post=7054"},{"taxonomy":"post_tag","embeddable":true,"href":"https:\/\/blogs.correiobraziliense.com.br\/capital-sa\/wp-json\/wp\/v2\/tags?post=7054"}],"curies":[{"name":"wp","href":"https:\/\/api.w.org\/{rel}","templated":true}]}}