{"id":7040,"date":"2022-02-24T09:11:18","date_gmt":"2022-02-24T12:11:18","guid":{"rendered":"https:\/\/blogs.correiobraziliense.com.br\/capital-sa\/?p=7040"},"modified":"2022-02-24T10:40:20","modified_gmt":"2022-02-24T13:40:20","slug":"abrasel-pede-volta-plena-do-trabalho-presencial","status":"publish","type":"post","link":"https:\/\/blogs.correiobraziliense.com.br\/capital-sa\/2022\/02\/24\/abrasel-pede-volta-plena-do-trabalho-presencial\/","title":{"rendered":"Abrasel pede volta plena ao trabalho presencial"},"content":{"rendered":"<p>Por Samanta Sallum<\/p>\n<p class=\"p1\"><span class=\"s1\"><br \/>\nExpectativas de mercado para a infla\u00e7\u00e3o de fevereiro estavam na margem entre 0,77% e 0,96%, mas o IPCA-15 veio acima: 0,99%. \u00c9 o maior aumento para o m\u00eas desde 2016 (quando foi de 1,42%). A infla\u00e7\u00e3o no setor de alimenta\u00e7\u00e3o fora do lar, no entanto, ficou abaixo. O pre\u00e7o das refei\u00e7\u00f5es teve reajuste de 0,57% e dos lanches de 0,09%, praticamente est\u00e1vel.\u00a0<\/span><\/p>\n<p>Segundo a Associa\u00e7\u00e3o de Bares e Restaurantes (Abrasel), o setor n\u00e3o repassou a infla\u00e7\u00e3o para os pre\u00e7os do card\u00e1pio. Aponta que o segmento tenta absorver a maior parte do impacto, por\u00e9m n\u00e3o sabe por quanto tempo.<\/p>\n<p class=\"p1\"><span class=\"s1\">&#8220;Temos de<span class=\"Apple-converted-space\">\u00a0 <\/span>melhorar a circula\u00e7\u00e3o de pessoas na cidade. Precisamos muito que o trabalho presencial volte na sua plenitude a partir de mar\u00e7o para aumentar o atendimento e aguentarmos esse impacto inflacion\u00e1rio&#8221;, avalia o presidente da Abrasel DF, Beto Pinheiro.<\/span><\/p>\n<p>A entidade acredita que, com a vacina\u00e7\u00e3o em massa e a queda da taxa de transmiss\u00e3o, \u00e9 poss\u00edvel o retorno completo das pessoas ao trabalho presencial.<\/p>\n","protected":false},"excerpt":{"rendered":"<p>Por Samanta Sallum Expectativas de mercado para a infla\u00e7\u00e3o de fevereiro estavam na margem entre 0,77% e 0,96%, mas o IPCA-15 veio acima: 0,99%. \u00c9 o maior aumento para o m\u00eas desde 2016 (quando foi de 1,42%). A infla\u00e7\u00e3o no setor de alimenta\u00e7\u00e3o fora do lar, no entanto, ficou abaixo. O pre\u00e7o das refei\u00e7\u00f5es teve reajuste de 0,57% e dos [&hellip;]<\/p>\n","protected":false},"author":125,"featured_media":7046,"comment_status":"open","ping_status":"open","sticky":false,"template":"","format":"standard","meta":{"footnotes":""},"categories":[6],"tags":[712,869,274,5],"class_list":["post-7040","post","type-post","status-publish","format-standard","has-post-thumbnail","hentry","category-coluna-capital-s-a","tag-abrasel","tag-trabalhopresencial","tag-vacinacao","tag-pandemia"],"_links":{"self":[{"href":"https:\/\/blogs.correiobraziliense.com.br\/capital-sa\/wp-json\/wp\/v2\/posts\/7040","targetHints":{"allow":["GET"]}}],"collection":[{"href":"https:\/\/blogs.correiobraziliense.com.br\/capital-sa\/wp-json\/wp\/v2\/posts"}],"about":[{"href":"https:\/\/blogs.correiobraziliense.com.br\/capital-sa\/wp-json\/wp\/v2\/types\/post"}],"author":[{"embeddable":true,"href":"https:\/\/blogs.correiobraziliense.com.br\/capital-sa\/wp-json\/wp\/v2\/users\/125"}],"replies":[{"embeddable":true,"href":"https:\/\/blogs.correiobraziliense.com.br\/capital-sa\/wp-json\/wp\/v2\/comments?post=7040"}],"version-history":[{"count":8,"href":"https:\/\/blogs.correiobraziliense.com.br\/capital-sa\/wp-json\/wp\/v2\/posts\/7040\/revisions"}],"predecessor-version":[{"id":7052,"href":"https:\/\/blogs.correiobraziliense.com.br\/capital-sa\/wp-json\/wp\/v2\/posts\/7040\/revisions\/7052"}],"wp:featuredmedia":[{"embeddable":true,"href":"https:\/\/blogs.correiobraziliense.com.br\/capital-sa\/wp-json\/wp\/v2\/media\/7046"}],"wp:attachment":[{"href":"https:\/\/blogs.correiobraziliense.com.br\/capital-sa\/wp-json\/wp\/v2\/media?parent=7040"}],"wp:term":[{"taxonomy":"category","embeddable":true,"href":"https:\/\/blogs.correiobraziliense.com.br\/capital-sa\/wp-json\/wp\/v2\/categories?post=7040"},{"taxonomy":"post_tag","embeddable":true,"href":"https:\/\/blogs.correiobraziliense.com.br\/capital-sa\/wp-json\/wp\/v2\/tags?post=7040"}],"curies":[{"name":"wp","href":"https:\/\/api.w.org\/{rel}","templated":true}]}}