{"id":7032,"date":"2022-02-24T02:25:14","date_gmt":"2022-02-24T05:25:14","guid":{"rendered":"https:\/\/blogs.correiobraziliense.com.br\/capital-sa\/?p=7032"},"modified":"2022-02-24T10:37:12","modified_gmt":"2022-02-24T13:37:12","slug":"reconhecimento-internacional-para-orquestra-de-brasilia","status":"publish","type":"post","link":"https:\/\/blogs.correiobraziliense.com.br\/capital-sa\/2022\/02\/24\/reconhecimento-internacional-para-orquestra-de-brasilia\/","title":{"rendered":"Reconhecimento internacional para orquestra de Bras\u00edlia"},"content":{"rendered":"<p>Por Samanta Sallum<\/p>\n<p class=\"p1\"><span class=\"s1\">A Orquestra Sinf\u00f4nica do Teatro Nacional Claudio Santoro ganha cada vez mais reconhecimento internacional. Uma marca de Bras\u00edlia que ultrapassa fronteiras e leva o nome e o talento da capital federal para o mundo. Mais um exemplo disso foi a homenagem da Embaixada da \u00c1ustria \u00e0<span class=\"Apple-converted-space\">\u00a0<\/span>orquestra e ao maestro Claudio Cohen, em evento especial, no Museu da Rep\u00fablica, na noite de ter\u00e7a-feira.<\/span><\/p>\n<p class=\"p1\"><span class=\"s1\">&#8220;<b>Brasil \u00e9 o pa\u00eds do futuro&#8221;<\/b><\/span><\/p>\n<p class=\"p1\"><span class=\"s1\">Foi realizado um concerto em homenagem \u00e0 mem\u00f3ria do escritor austr\u00edaco Stefan Zweig com obras de Mahler, Mozart e Strauss, e a apresenta\u00e7\u00e3o especial do trompista Ellyas Lucas. Zweig, de origem judaica, veio morar no pa\u00eds em 1941, fugindo do nazismo. Instalou-se, na \u00e9poca, em Petr\u00f3polis.<br \/>\n<\/span><\/p>\n<p><img loading=\"lazy\" decoding=\"async\" class=\"aligncenter size-medium wp-image-7037\" src=\"https:\/\/blogs.correiobraziliense.com.br\/capital-sa\/wp-content\/uploads\/sites\/59\/2022\/02\/A5C8D693-B8A0-4EE0-939A-4230A217DF3A-238x300.jpeg\" alt=\"\" width=\"238\" height=\"300\" srcset=\"https:\/\/blogs.correiobraziliense.com.br\/capital-sa\/wp-content\/uploads\/sites\/59\/2022\/02\/A5C8D693-B8A0-4EE0-939A-4230A217DF3A-238x300.jpeg 238w, https:\/\/blogs.correiobraziliense.com.br\/capital-sa\/wp-content\/uploads\/sites\/59\/2022\/02\/A5C8D693-B8A0-4EE0-939A-4230A217DF3A-230x290.jpeg 230w, https:\/\/blogs.correiobraziliense.com.br\/capital-sa\/wp-content\/uploads\/sites\/59\/2022\/02\/A5C8D693-B8A0-4EE0-939A-4230A217DF3A.jpeg 493w\" sizes=\"auto, (max-width: 238px) 100vw, 238px\" \/><\/p>\n<p class=\"p1\"><span class=\"s1\"> Ele \u00e9 o autor da famosa frase: &#8220;Brasil \u00e9 o pa\u00eds do futuro&#8221;. \u00a0Morreu h\u00e1 exatos 80 anos, em 23 de fevereiro de 1942. Tirou a vida descrente na humanidade. Foi um dos escritores mais vendidos no mundo.<br \/>\n<\/span><\/p>\n<p class=\"p1\"><span class=\"s1\">O evento no Museu da Rep\u00fablica tamb\u00e9m marcou a abertura cultural do Bicenten\u00e1rio do Brasil e a celebra\u00e7\u00e3o de 442 anos de amizade entre os dois pa\u00edses. <\/span><\/p>\n<p class=\"p1\"><span class=\"s1\"><b>Comenda Cruz de Ouro <\/b><\/span><\/p>\n<p class=\"p1\"><span class=\"s1\">O maestro Cohen recebeu das m\u00e3os do embaixador Stefan Scholz a comenda Cruz de Ouro da Ci\u00eancia e da Arte da Rep\u00fablica da \u00c1ustria. A condecora\u00e7\u00e3o ocorreu durante coquetel para convidados na embaixada depois do concerto. Entre os presentes, parlamentares, corpo diplom\u00e1tico e diversas autoridades, al\u00e9m de amigos e parentes de Cohen. <\/span><\/p>\n<p class=\"p1\"><span class=\"s1\"><b>Presen\u00e7as <\/b><\/span><\/p>\n<p class=\"p1\"><span class=\"s1\">Os ministros do TST Ives Gandra, Alexandre Ramos e Douglas Alencar; a procuradora do MPDFT Arinda Fernandes, o empres\u00e1rio Paulo Oct\u00e1vio, o juiz Carlos Maroja e o advogado Luiz Carlos Alcoforado prestigiaram o evento.<\/span><\/p>\n","protected":false},"excerpt":{"rendered":"<p>Por Samanta Sallum A Orquestra Sinf\u00f4nica do Teatro Nacional Claudio Santoro ganha cada vez mais reconhecimento internacional. Uma marca de Bras\u00edlia que ultrapassa fronteiras e leva o nome e o talento da capital federal para o mundo. Mais um exemplo disso foi a homenagem da Embaixada da \u00c1ustria \u00e0\u00a0orquestra e ao maestro Claudio Cohen, em evento especial, no Museu da [&hellip;]<\/p>\n","protected":false},"author":125,"featured_media":7036,"comment_status":"open","ping_status":"open","sticky":false,"template":"","format":"standard","meta":{"footnotes":""},"categories":[6],"tags":[863,867,864,866,865,868],"class_list":["post-7032","post","type-post","status-publish","format-standard","has-post-thumbnail","hentry","category-coluna-capital-s-a","tag-austria","tag-comendacruzdeouro","tag-concerto","tag-condecoracao","tag-orquestrasinfonicadoteatronacional","tag-stefanzweig"],"_links":{"self":[{"href":"https:\/\/blogs.correiobraziliense.com.br\/capital-sa\/wp-json\/wp\/v2\/posts\/7032","targetHints":{"allow":["GET"]}}],"collection":[{"href":"https:\/\/blogs.correiobraziliense.com.br\/capital-sa\/wp-json\/wp\/v2\/posts"}],"about":[{"href":"https:\/\/blogs.correiobraziliense.com.br\/capital-sa\/wp-json\/wp\/v2\/types\/post"}],"author":[{"embeddable":true,"href":"https:\/\/blogs.correiobraziliense.com.br\/capital-sa\/wp-json\/wp\/v2\/users\/125"}],"replies":[{"embeddable":true,"href":"https:\/\/blogs.correiobraziliense.com.br\/capital-sa\/wp-json\/wp\/v2\/comments?post=7032"}],"version-history":[{"count":7,"href":"https:\/\/blogs.correiobraziliense.com.br\/capital-sa\/wp-json\/wp\/v2\/posts\/7032\/revisions"}],"predecessor-version":[{"id":7051,"href":"https:\/\/blogs.correiobraziliense.com.br\/capital-sa\/wp-json\/wp\/v2\/posts\/7032\/revisions\/7051"}],"wp:featuredmedia":[{"embeddable":true,"href":"https:\/\/blogs.correiobraziliense.com.br\/capital-sa\/wp-json\/wp\/v2\/media\/7036"}],"wp:attachment":[{"href":"https:\/\/blogs.correiobraziliense.com.br\/capital-sa\/wp-json\/wp\/v2\/media?parent=7032"}],"wp:term":[{"taxonomy":"category","embeddable":true,"href":"https:\/\/blogs.correiobraziliense.com.br\/capital-sa\/wp-json\/wp\/v2\/categories?post=7032"},{"taxonomy":"post_tag","embeddable":true,"href":"https:\/\/blogs.correiobraziliense.com.br\/capital-sa\/wp-json\/wp\/v2\/tags?post=7032"}],"curies":[{"name":"wp","href":"https:\/\/api.w.org\/{rel}","templated":true}]}}