{"id":7020,"date":"2022-02-23T14:46:00","date_gmt":"2022-02-23T17:46:00","guid":{"rendered":"https:\/\/blogs.correiobraziliense.com.br\/capital-sa\/?p=7020"},"modified":"2022-02-23T17:30:07","modified_gmt":"2022-02-23T20:30:07","slug":"ifood-e-tembici-se-unem-para-servico-com-bicicletas-eletricas","status":"publish","type":"post","link":"https:\/\/blogs.correiobraziliense.com.br\/capital-sa\/2022\/02\/23\/ifood-e-tembici-se-unem-para-servico-com-bicicletas-eletricas\/","title":{"rendered":"iFood e Tembici se unem para servi\u00e7o com bicicletas el\u00e9tricas"},"content":{"rendered":"<div><\/div>\n<div>\n<p>Fruto da parceria entre o iFood e a Tembici, o projeto contempla acesso a bikes el\u00e9tricas e curso formativo para a seguran\u00e7a e a capacita\u00e7\u00e3o de entregadores no DF. O iFood Pedal \u00e9 o primeiro servi\u00e7o do mundo a oferecer aluguel de bicicleta exclusivo para os parceiros. &#8220;\u00c9 um importante passo rumo ao nosso compromisso de sustentabilidade. At\u00e9 2025, n\u00f3s nos comprometemos com pelo menos 50% das entregas feitas por modais n\u00e3o poluentes&#8221;, diz Fernando Martins, head de Log\u00edstica no iFood.<\/p>\n<\/div>\n<div><\/div>\n<div><\/div>\n<div>\n<p>Existem 270 mil restaurantes cadastrados no iFood em mais de mil cidades em todo o Brasil.<\/p>\n<\/div>\n<div><\/div>\n<div><\/div>\n<div>\n<p><b>Tecnologia em micromobilidade<\/b><\/p>\n<p>&nbsp;<\/p>\n<\/div>\n<div><\/div>\n<div><\/div>\n<div>\n<p>O projeto contar\u00e1 com 2,5 mil bikes el\u00e9tricas em todo o pa\u00eds at\u00e9 o fim de 2022. Em Bras\u00edlia, come\u00e7a com 100. \u00a0A\u00a0Tembici tamb\u00e9m \u00e9 uma empresa de origem brasileira e l\u00edder em tecnologia para micromobilidade na Am\u00e9rica Latina. Foi criada h\u00e1 pouco mais de um ano e est\u00e1\u00a0 presente em diversas capitais.<\/p>\n<\/div>\n<div><\/div>\n<blockquote>\n<div>&#8220;Investir neste modal e fomentar a cicloentrega \u00e9 contribuir diretamente para cidades mais inteligentes e sustent\u00e1veis&#8221;,\u00a0 explica Maur\u00edcio Villar, cofundador e COO da Tembici.<\/div>\n<\/blockquote>\n<div><\/div>\n<div><b>Em \u00c1guas Claras<\/b><\/div>\n<div><\/div>\n<div>\n<p>As e-bikes est\u00e3o dispon\u00edveis no ponto provis\u00f3rio de Bras\u00edlia (<u><span style=\"color: #e4af0a\"><a href=\"\/\/0\">Av. Parque \u00c1guas Claras, 625<\/a><\/span><\/u> &#8211; Norte &#8211; \u00c1guas Claras). No local, os entregadores tamb\u00e9m recebem equipamentos de prote\u00e7\u00e3o, al\u00e9m de m\u00e1scara e \u00e1lcool gel.<\/p>\n<\/div>\n<div><\/div>\n<div><\/div>\n<div>O projeto prev\u00ea pontos de apoio equipados com filtros de \u00e1gua, banheiros, mesas, microondas e espa\u00e7o de descanso. No ato da inscri\u00e7\u00e3o, os usu\u00e1rios recebem um conte\u00fado sobre seguran\u00e7a vi\u00e1ria. E tamb\u00e9m contam com seguro para acidentes pessoais.<\/div>\n","protected":false},"excerpt":{"rendered":"<p>Fruto da parceria entre o iFood e a Tembici, o projeto contempla acesso a bikes el\u00e9tricas e curso formativo para a seguran\u00e7a e a capacita\u00e7\u00e3o de entregadores no DF. O iFood Pedal \u00e9 o primeiro servi\u00e7o do mundo a oferecer aluguel de bicicleta exclusivo para os parceiros. &#8220;\u00c9 um importante passo rumo ao nosso compromisso de sustentabilidade. At\u00e9 2025, n\u00f3s [&hellip;]<\/p>\n","protected":false},"author":125,"featured_media":7027,"comment_status":"open","ping_status":"open","sticky":false,"template":"","format":"standard","meta":{"footnotes":""},"categories":[6],"tags":[762,862,860,858,861,265,326,859,33],"class_list":["post-7020","post","type-post","status-publish","format-standard","has-post-thumbnail","hentry","category-coluna-capital-s-a","tag-aguasclaras","tag-bicicleta","tag-entrega","tag-ifood","tag-ifoodpedal","tag-projeto","tag-sustentabilidade","tag-tembici","tag-tecnologia"],"_links":{"self":[{"href":"https:\/\/blogs.correiobraziliense.com.br\/capital-sa\/wp-json\/wp\/v2\/posts\/7020","targetHints":{"allow":["GET"]}}],"collection":[{"href":"https:\/\/blogs.correiobraziliense.com.br\/capital-sa\/wp-json\/wp\/v2\/posts"}],"about":[{"href":"https:\/\/blogs.correiobraziliense.com.br\/capital-sa\/wp-json\/wp\/v2\/types\/post"}],"author":[{"embeddable":true,"href":"https:\/\/blogs.correiobraziliense.com.br\/capital-sa\/wp-json\/wp\/v2\/users\/125"}],"replies":[{"embeddable":true,"href":"https:\/\/blogs.correiobraziliense.com.br\/capital-sa\/wp-json\/wp\/v2\/comments?post=7020"}],"version-history":[{"count":9,"href":"https:\/\/blogs.correiobraziliense.com.br\/capital-sa\/wp-json\/wp\/v2\/posts\/7020\/revisions"}],"predecessor-version":[{"id":7031,"href":"https:\/\/blogs.correiobraziliense.com.br\/capital-sa\/wp-json\/wp\/v2\/posts\/7020\/revisions\/7031"}],"wp:featuredmedia":[{"embeddable":true,"href":"https:\/\/blogs.correiobraziliense.com.br\/capital-sa\/wp-json\/wp\/v2\/media\/7027"}],"wp:attachment":[{"href":"https:\/\/blogs.correiobraziliense.com.br\/capital-sa\/wp-json\/wp\/v2\/media?parent=7020"}],"wp:term":[{"taxonomy":"category","embeddable":true,"href":"https:\/\/blogs.correiobraziliense.com.br\/capital-sa\/wp-json\/wp\/v2\/categories?post=7020"},{"taxonomy":"post_tag","embeddable":true,"href":"https:\/\/blogs.correiobraziliense.com.br\/capital-sa\/wp-json\/wp\/v2\/tags?post=7020"}],"curies":[{"name":"wp","href":"https:\/\/api.w.org\/{rel}","templated":true}]}}