{"id":7010,"date":"2022-02-22T17:49:58","date_gmt":"2022-02-22T20:49:58","guid":{"rendered":"https:\/\/blogs.correiobraziliense.com.br\/capital-sa\/?p=7010"},"modified":"2022-02-23T17:25:04","modified_gmt":"2022-02-23T20:25:04","slug":"alvaro-silveira-jr-e-eleito-presidente-do-sindiatacadista","status":"publish","type":"post","link":"https:\/\/blogs.correiobraziliense.com.br\/capital-sa\/2022\/02\/22\/alvaro-silveira-jr-e-eleito-presidente-do-sindiatacadista\/","title":{"rendered":"\u00c1lvaro Silveira Jr \u00e9 eleito presidente do SindiAtacadista"},"content":{"rendered":"<p>Nesta ter\u00e7a-feira (22), o Sindicato do Com\u00e9rcio Atacadista do Distrito Federal realizou a Elei\u00e7\u00e3o Sindical para a escolha da nova Diretoria, do Conselho Fiscal e da Delega\u00e7\u00e3o Federativa\u00a0do pr\u00f3ximo quadri\u00eanio, 2022-2026. A vota\u00e7\u00e3o aconteceu na sede do Sindicato, das 9h \u00e0s 17h. Representantes das empresas associadas \u00e0 entidade e em condi\u00e7\u00e3o de voto elegeram a chapa \u00fanica encabe\u00e7ada pelo empres\u00e1rio atacadista \u00c1lvaro Silveira J\u00fanior.<\/p>\n<p>A nova diretoria ser\u00e1 empossada no pr\u00f3ximo 31 de mar\u00e7o, e a gest\u00e3o ter\u00e1 in\u00edcio em 1\u00ba de abril de 2022.<\/p>\n<p><img loading=\"lazy\" decoding=\"async\" class=\"aligncenter size-medium wp-image-7015\" src=\"https:\/\/blogs.correiobraziliense.com.br\/capital-sa\/wp-content\/uploads\/sites\/59\/2022\/02\/DBFFC236-9DEF-4B1F-B18E-5881D2A62AEC-300x225.jpeg\" alt=\"\" width=\"300\" height=\"225\" srcset=\"https:\/\/blogs.correiobraziliense.com.br\/capital-sa\/wp-content\/uploads\/sites\/59\/2022\/02\/DBFFC236-9DEF-4B1F-B18E-5881D2A62AEC-300x225.jpeg 300w, https:\/\/blogs.correiobraziliense.com.br\/capital-sa\/wp-content\/uploads\/sites\/59\/2022\/02\/DBFFC236-9DEF-4B1F-B18E-5881D2A62AEC-768x576.jpeg 768w, https:\/\/blogs.correiobraziliense.com.br\/capital-sa\/wp-content\/uploads\/sites\/59\/2022\/02\/DBFFC236-9DEF-4B1F-B18E-5881D2A62AEC-1024x768.jpeg 1024w, https:\/\/blogs.correiobraziliense.com.br\/capital-sa\/wp-content\/uploads\/sites\/59\/2022\/02\/DBFFC236-9DEF-4B1F-B18E-5881D2A62AEC-1440x1080.jpeg 1440w, https:\/\/blogs.correiobraziliense.com.br\/capital-sa\/wp-content\/uploads\/sites\/59\/2022\/02\/DBFFC236-9DEF-4B1F-B18E-5881D2A62AEC-800x600.jpeg 800w, https:\/\/blogs.correiobraziliense.com.br\/capital-sa\/wp-content\/uploads\/sites\/59\/2022\/02\/DBFFC236-9DEF-4B1F-B18E-5881D2A62AEC-550x413.jpeg 550w, https:\/\/blogs.correiobraziliense.com.br\/capital-sa\/wp-content\/uploads\/sites\/59\/2022\/02\/DBFFC236-9DEF-4B1F-B18E-5881D2A62AEC-230x173.jpeg 230w, https:\/\/blogs.correiobraziliense.com.br\/capital-sa\/wp-content\/uploads\/sites\/59\/2022\/02\/DBFFC236-9DEF-4B1F-B18E-5881D2A62AEC.jpeg 1600w\" sizes=\"auto, (max-width: 300px) 100vw, 300px\" \/><\/p>\n<p class=\"p1\">A apura\u00e7\u00e3o dos votos aconteceu na sequ\u00eancia e ficou a cargo do representante da Fecom\u00e9rcio, Silvio L\u00facio de Oliveira, com aux\u00edlio da Comiss\u00e3o Eleitoral com Clarisse Dinelly.<\/p>\n<p class=\"p1\"><span class=\"s2\"><b>Confira como ficou a nova composi\u00e7\u00e3o da diretoria do Sindiatacadista:<\/b><\/span><\/p>\n<p class=\"p1\"><span class=\"s1\">\u00a0<\/span>PRESID\u00caNCIA:<\/p>\n<p class=\"p1\"><span class=\"s1\">Presidente &#8211; \u00c1lvaro Silveira J\u00fanior\u00a0<\/span><\/p>\n<p class=\"p1\"><span class=\"s1\">1\u00b0 Vice-Presidente &#8211; Clair Ernesto Dal Berto<\/span><\/p>\n<p class=\"p1\"><span class=\"s1\">2\u00b0 Vice-Presidente &#8211; Lysipo Torminn Gomide\u00a0<\/span><\/p>\n<p class=\"p1\"><span class=\"s1\">3\u00b0 Vice-Presidente &#8211; Roberto Gomide Castanheira\u00a0<\/span><\/p>\n<p class=\"p1\"><span class=\"s1\">\u00a0<\/span><\/p>\n<p class=\"p1\"><span class=\"s2\">DIRETORIA:<\/span><span class=\"s1\">\u00a0<\/span><\/p>\n<p class=\"p1\"><span class=\"s1\">Diretor Comercial Titular &#8211; Maxmilhiany Rodrigues Braga; Diretor Financeiro Titular &#8211; Fabr\u00edcio Borges Graciano; Diretor de Rela\u00e7\u00f5es do Trabalho Titular &#8211; Sulivam Pedro Covre; Diretor Secret\u00e1rio Titular &#8211; Tatiana Resende Caix\u00eata Minucci; Diretor Sindical Titular &#8211; Ricardo Ant\u00f4nio Mamede; Diretor Social Titular &#8211; Carlos Augusto Moreira Marques; Diretor Tribut\u00e1rio Titular &#8211; Carlos Roberto Leite Santana; Diretor Comercial Suplente &#8211; Armando Eduardo Giannetti Neto; Diretor Financeiro Suplente &#8211; Ala\u00f4r Gomes Neto; Diretor de Rela\u00e7\u00f5es do Trabalho Suplente &#8211; Vin\u00edcius Ferreira Bueno; Diretor Secret\u00e1rio Suplente &#8211; Rog\u00e9rio Arag\u00e3o Albuquerque; Diretor Sindical Suplente &#8211; Adauto L\u00facio De Mesquita; Diretor Social Suplente &#8211; Leimar Leit\u00e3o De Assis; Diretor Tribut\u00e1rio Suplente &#8211; Emerson Fernandes Da Cunha.<\/span><\/p>\n<p class=\"p1\"><span class=\"s1\">\u00a0<\/span><\/p>\n<p class=\"p1\"><span class=\"s2\">CONSELHO FISCAL:<\/span><span class=\"s1\"> Conselheiro Fiscal Titular &#8211; Adolfo Pl\u00e1 Pujades; Conselheiro Fiscal Titular &#8211; Humberto Cenci; Conselheiro Fiscal Titular &#8211; Eduardo Kenji More; Conselheiro Fiscal Suplente &#8211; Gilmar Ara\u00fajo Neves; Conselheiro Fiscal Suplente &#8211; Edgar Nunes Pereira J\u00fanior; Conselheiro Fiscal Suplente &#8211; Saulo Davi De Melo.<\/span><\/p>\n<p class=\"p1\"><span class=\"s1\">\u00a0<\/span><\/p>\n<p class=\"p1\"><span class=\"s2\">DELEGA\u00c7\u00c3O FEDERATIVA:<\/span><span class=\"s1\"> 1\u00b0 Delegado Federativo Titular &#8211; \u00c1lvaro Silveira J\u00fanior; 2\u00b0 Delegado Federativo Titular &#8211; Roberto Gomide Castanheira; 1\u00b0 Delegado Federativo Suplente &#8211; Lysipo Torminn Gomide; 2\u00b0 Delegado Federativo Suplente &#8211; Jo\u00e3o Orivaldo De Oliveira.<\/span><\/p>\n","protected":false},"excerpt":{"rendered":"<p>Nesta ter\u00e7a-feira (22), o Sindicato do Com\u00e9rcio Atacadista do Distrito Federal realizou a Elei\u00e7\u00e3o Sindical para a escolha da nova Diretoria, do Conselho Fiscal e da Delega\u00e7\u00e3o Federativa\u00a0do pr\u00f3ximo quadri\u00eanio, 2022-2026. A vota\u00e7\u00e3o aconteceu na sede do Sindicato, das 9h \u00e0s 17h. Representantes das empresas associadas \u00e0 entidade e em condi\u00e7\u00e3o de voto elegeram a chapa \u00fanica encabe\u00e7ada pelo empres\u00e1rio [&hellip;]<\/p>\n","protected":false},"author":125,"featured_media":7016,"comment_status":"open","ping_status":"open","sticky":false,"template":"","format":"standard","meta":{"footnotes":""},"categories":[6],"tags":[856,857,855,560],"class_list":["post-7010","post","type-post","status-publish","format-standard","has-post-thumbnail","hentry","category-coluna-capital-s-a","tag-alvarosilveira","tag-chapaunica","tag-eleicao","tag-sindiatacadista"],"_links":{"self":[{"href":"https:\/\/blogs.correiobraziliense.com.br\/capital-sa\/wp-json\/wp\/v2\/posts\/7010","targetHints":{"allow":["GET"]}}],"collection":[{"href":"https:\/\/blogs.correiobraziliense.com.br\/capital-sa\/wp-json\/wp\/v2\/posts"}],"about":[{"href":"https:\/\/blogs.correiobraziliense.com.br\/capital-sa\/wp-json\/wp\/v2\/types\/post"}],"author":[{"embeddable":true,"href":"https:\/\/blogs.correiobraziliense.com.br\/capital-sa\/wp-json\/wp\/v2\/users\/125"}],"replies":[{"embeddable":true,"href":"https:\/\/blogs.correiobraziliense.com.br\/capital-sa\/wp-json\/wp\/v2\/comments?post=7010"}],"version-history":[{"count":7,"href":"https:\/\/blogs.correiobraziliense.com.br\/capital-sa\/wp-json\/wp\/v2\/posts\/7010\/revisions"}],"predecessor-version":[{"id":7029,"href":"https:\/\/blogs.correiobraziliense.com.br\/capital-sa\/wp-json\/wp\/v2\/posts\/7010\/revisions\/7029"}],"wp:featuredmedia":[{"embeddable":true,"href":"https:\/\/blogs.correiobraziliense.com.br\/capital-sa\/wp-json\/wp\/v2\/media\/7016"}],"wp:attachment":[{"href":"https:\/\/blogs.correiobraziliense.com.br\/capital-sa\/wp-json\/wp\/v2\/media?parent=7010"}],"wp:term":[{"taxonomy":"category","embeddable":true,"href":"https:\/\/blogs.correiobraziliense.com.br\/capital-sa\/wp-json\/wp\/v2\/categories?post=7010"},{"taxonomy":"post_tag","embeddable":true,"href":"https:\/\/blogs.correiobraziliense.com.br\/capital-sa\/wp-json\/wp\/v2\/tags?post=7010"}],"curies":[{"name":"wp","href":"https:\/\/api.w.org\/{rel}","templated":true}]}}