{"id":6987,"date":"2022-02-22T15:11:06","date_gmt":"2022-02-22T18:11:06","guid":{"rendered":"https:\/\/blogs.correiobraziliense.com.br\/capital-sa\/?p=6987"},"modified":"2022-02-22T16:18:27","modified_gmt":"2022-02-22T19:18:27","slug":"iesb-promove-jornada-carreira-turbinada","status":"publish","type":"post","link":"https:\/\/blogs.correiobraziliense.com.br\/capital-sa\/2022\/02\/22\/iesb-promove-jornada-carreira-turbinada\/","title":{"rendered":"Iesb promove Jornada Carreira Turbinada"},"content":{"rendered":"<div><\/div>\n<div>\n<p>At\u00e9 quinta-feira, o Centro Universit\u00e1rio IESB realiza a Jornada Carreira Turbinada, uma imers\u00e3o profissional com dezenas de lives, 100% on-line e gratuitas, ao vivo no YouTube. A ideia \u00e9 ajudar quem j\u00e1 tem um curso superior a conhecer estrat\u00e9gias inovadoras e se destacar no mercado de trabalho.<\/p>\n<\/div>\n<div><\/div>\n<div><\/div>\n<div>\n<p>A cada encontro, um time de coordenadores, professores do IESB e convidados aliam teoria e pr\u00e1tica para apresentar temas atuais. No fim de cada bate-papo, o p\u00fablico tem ainda a oportunidade de colocar a m\u00e3o na massa e praticar ao vivo o que foi apresentado.<\/p>\n<\/div>\n<div><\/div>\n<div><\/div>\n<div>\n<p><b>Inova\u00e7\u00e3o<\/b><\/p>\n<p>&nbsp;<\/p>\n<\/div>\n<div><\/div>\n<div><\/div>\n<div>\n<p>S\u00e3o foco do evento o aquecido mercado da Tecnologia da Informa\u00e7\u00e3o (TI), influ\u00eancia digital nos neg\u00f3cios, como fazer gest\u00e3o de projetos e portf\u00f3lios em um contexto inovador, dicas de networking, compet\u00eancias soft skills, entre outros.<\/p>\n<\/div>\n<div><\/div>\n<div><\/div>\n<div>\n<p>&#8220;O mercado est\u00e1 mudando bastante, as profiss\u00f5es, as caracter\u00edsticas delas e a situa\u00e7\u00e3o econ\u00f4mica. Ent\u00e3o, \u00e9 extremamente importante contribuir para colocar no mercado profissionais mais bem preparados para o cen\u00e1rio de inova\u00e7\u00e3o&#8221;, aponta o professor Luiz Cl\u00e1udio Costa, reitor do Centro Universit\u00e1rio IESB.<\/p>\n<\/div>\n<div>Programa\u00e7\u00e3o completa e inscri\u00e7\u00e3o gratuita no link:\u00a0<u><a href=\"https:\/\/lps.iesb.br\/carreira-turbinada\/\">https:\/\/lps.iesb.br\/carreira-turbinada\/<\/a><\/u><\/div>\n","protected":false},"excerpt":{"rendered":"<p>At\u00e9 quinta-feira, o Centro Universit\u00e1rio IESB realiza a Jornada Carreira Turbinada, uma imers\u00e3o profissional com dezenas de lives, 100% on-line e gratuitas, ao vivo no YouTube. A ideia \u00e9 ajudar quem j\u00e1 tem um curso superior a conhecer estrat\u00e9gias inovadoras e se destacar no mercado de trabalho. A cada encontro, um time de coordenadores, professores do IESB e convidados aliam [&hellip;]<\/p>\n","protected":false},"author":125,"featured_media":6990,"comment_status":"open","ping_status":"open","sticky":false,"template":"","format":"standard","meta":{"footnotes":""},"categories":[6],"tags":[847,835,137,351,845,848,846,140],"class_list":["post-6987","post","type-post","status-publish","format-standard","has-post-thumbnail","hentry","category-coluna-capital-s-a","tag-batepapo","tag-destaque","tag-iesb","tag-inovacao","tag-jornada-carreira-turbinada","tag-lives","tag-mercadodetrabalho","tag-youtube"],"_links":{"self":[{"href":"https:\/\/blogs.correiobraziliense.com.br\/capital-sa\/wp-json\/wp\/v2\/posts\/6987","targetHints":{"allow":["GET"]}}],"collection":[{"href":"https:\/\/blogs.correiobraziliense.com.br\/capital-sa\/wp-json\/wp\/v2\/posts"}],"about":[{"href":"https:\/\/blogs.correiobraziliense.com.br\/capital-sa\/wp-json\/wp\/v2\/types\/post"}],"author":[{"embeddable":true,"href":"https:\/\/blogs.correiobraziliense.com.br\/capital-sa\/wp-json\/wp\/v2\/users\/125"}],"replies":[{"embeddable":true,"href":"https:\/\/blogs.correiobraziliense.com.br\/capital-sa\/wp-json\/wp\/v2\/comments?post=6987"}],"version-history":[{"count":6,"href":"https:\/\/blogs.correiobraziliense.com.br\/capital-sa\/wp-json\/wp\/v2\/posts\/6987\/revisions"}],"predecessor-version":[{"id":7007,"href":"https:\/\/blogs.correiobraziliense.com.br\/capital-sa\/wp-json\/wp\/v2\/posts\/6987\/revisions\/7007"}],"wp:featuredmedia":[{"embeddable":true,"href":"https:\/\/blogs.correiobraziliense.com.br\/capital-sa\/wp-json\/wp\/v2\/media\/6990"}],"wp:attachment":[{"href":"https:\/\/blogs.correiobraziliense.com.br\/capital-sa\/wp-json\/wp\/v2\/media?parent=6987"}],"wp:term":[{"taxonomy":"category","embeddable":true,"href":"https:\/\/blogs.correiobraziliense.com.br\/capital-sa\/wp-json\/wp\/v2\/categories?post=6987"},{"taxonomy":"post_tag","embeddable":true,"href":"https:\/\/blogs.correiobraziliense.com.br\/capital-sa\/wp-json\/wp\/v2\/tags?post=6987"}],"curies":[{"name":"wp","href":"https:\/\/api.w.org\/{rel}","templated":true}]}}