{"id":6964,"date":"2022-02-21T14:59:41","date_gmt":"2022-02-21T17:59:41","guid":{"rendered":"https:\/\/blogs.correiobraziliense.com.br\/capital-sa\/?p=6964"},"modified":"2022-02-21T23:37:52","modified_gmt":"2022-02-22T02:37:52","slug":"lojistas-alertam-para-sonegacao-do-varejo-on-line","status":"publish","type":"post","link":"https:\/\/blogs.correiobraziliense.com.br\/capital-sa\/2022\/02\/21\/lojistas-alertam-para-sonegacao-do-varejo-on-line\/","title":{"rendered":"Lojistas alertam para sonega\u00e7\u00e3o do varejo on-line"},"content":{"rendered":"<div>Por Samanta Sallum<\/div>\n<div><span style=\"font-size: large\"><br \/>\nO varejo on-line \u00e9 uma tend\u00eancia que tem ganhado cada vez mais espa\u00e7o no mercado mundial. Em 2020, somente no primeiro semestre da pandemia, os pedidos feitos por brasileiros pelo e-commerce j\u00e1 tinham registrado alta de 47% no faturamento total, de acordo com o Ebit. A populariza\u00e7\u00e3o desse formato de compras demanda novas exig\u00eancias da lei para garantir fiscaliza\u00e7\u00e3o tribut\u00e1ria no setor.<br \/>\n<\/span><\/div>\n<div><span style=\"font-size: large\">\u00a0<\/span><\/div>\n<div><span style=\"font-size: large\"><b>Cobrar a nota fiscal\u00a0<\/b><\/span><\/div>\n<div><span style=\"font-size: large\">\u00a0<\/span><\/div>\n<div><span style=\"font-size: large\">Entidades empresariais<\/span>\u00a0alertam para a<span style=\"font-size: large\"> sonega\u00e7\u00e3<\/span>O\u00a0que <span style=\"font-size: large\">est\u00e1 ocorrendo por meio dessas plataformas chamadas de marketplace<\/span>.\u00a0Muitas n\u00e3o condicionam a venda do produto \u00e0 emiss\u00e3o da nota fiscal, dando abertura para que muitos vendedores repassem seus produtos sem formalizar a opera\u00e7\u00e3o na Receita Federal.<\/div>\n<div><span style=\"font-size: large\">\u00a0<\/span><\/div>\n<div><span style=\"font-size: large\"><b>Contra a concord\u00e2ncia desleal\u00a0<\/b><\/span><\/div>\n<div><span style=\"font-size: large\">\u00a0<\/span><\/div>\n<div><span style=\"font-size: large\">\u00a0&#8220;<\/span><span style=\"font-size: large\">A CDL-DF defende a prote\u00e7\u00e3o dos lojistas da concorr\u00eancia desleal de quem vende sem a nota. \u00c9 importante que o governo adote a\u00e7\u00f5es que co\u00edbam essa pr\u00e1tica e garantam um ambiente de neg\u00f3cios mais justo&#8221;, afirma\u00a0 Wagner Silveira Jr, presidente da entidade.<\/span><\/div>\n","protected":false},"excerpt":{"rendered":"<p>Por Samanta Sallum O varejo on-line \u00e9 uma tend\u00eancia que tem ganhado cada vez mais espa\u00e7o no mercado mundial. Em 2020, somente no primeiro semestre da pandemia, os pedidos feitos por brasileiros pelo e-commerce j\u00e1 tinham registrado alta de 47% no faturamento total, de acordo com o Ebit. A populariza\u00e7\u00e3o desse formato de compras demanda novas exig\u00eancias da lei para [&hellip;]<\/p>\n","protected":false},"author":125,"featured_media":6967,"comment_status":"open","ping_status":"open","sticky":false,"template":"","format":"standard","meta":{"footnotes":""},"categories":[6],"tags":[838,496,839,837,10],"class_list":["post-6964","post","type-post","status-publish","format-standard","has-post-thumbnail","hentry","category-coluna-capital-s-a","tag-concorrencia","tag-impostos","tag-sonegacao","tag-varejoon-line","tag-comercio"],"_links":{"self":[{"href":"https:\/\/blogs.correiobraziliense.com.br\/capital-sa\/wp-json\/wp\/v2\/posts\/6964","targetHints":{"allow":["GET"]}}],"collection":[{"href":"https:\/\/blogs.correiobraziliense.com.br\/capital-sa\/wp-json\/wp\/v2\/posts"}],"about":[{"href":"https:\/\/blogs.correiobraziliense.com.br\/capital-sa\/wp-json\/wp\/v2\/types\/post"}],"author":[{"embeddable":true,"href":"https:\/\/blogs.correiobraziliense.com.br\/capital-sa\/wp-json\/wp\/v2\/users\/125"}],"replies":[{"embeddable":true,"href":"https:\/\/blogs.correiobraziliense.com.br\/capital-sa\/wp-json\/wp\/v2\/comments?post=6964"}],"version-history":[{"count":5,"href":"https:\/\/blogs.correiobraziliense.com.br\/capital-sa\/wp-json\/wp\/v2\/posts\/6964\/revisions"}],"predecessor-version":[{"id":6983,"href":"https:\/\/blogs.correiobraziliense.com.br\/capital-sa\/wp-json\/wp\/v2\/posts\/6964\/revisions\/6983"}],"wp:featuredmedia":[{"embeddable":true,"href":"https:\/\/blogs.correiobraziliense.com.br\/capital-sa\/wp-json\/wp\/v2\/media\/6967"}],"wp:attachment":[{"href":"https:\/\/blogs.correiobraziliense.com.br\/capital-sa\/wp-json\/wp\/v2\/media?parent=6964"}],"wp:term":[{"taxonomy":"category","embeddable":true,"href":"https:\/\/blogs.correiobraziliense.com.br\/capital-sa\/wp-json\/wp\/v2\/categories?post=6964"},{"taxonomy":"post_tag","embeddable":true,"href":"https:\/\/blogs.correiobraziliense.com.br\/capital-sa\/wp-json\/wp\/v2\/tags?post=6964"}],"curies":[{"name":"wp","href":"https:\/\/api.w.org\/{rel}","templated":true}]}}