{"id":6940,"date":"2022-02-18T07:05:58","date_gmt":"2022-02-18T10:05:58","guid":{"rendered":"https:\/\/blogs.correiobraziliense.com.br\/capital-sa\/?p=6940"},"modified":"2022-02-21T23:29:41","modified_gmt":"2022-02-22T02:29:41","slug":"sindivarejista-elege-hoje-novo-presidente","status":"publish","type":"post","link":"https:\/\/blogs.correiobraziliense.com.br\/capital-sa\/2022\/02\/18\/sindivarejista-elege-hoje-novo-presidente\/","title":{"rendered":"Sindivarejista elege hoje novo presidente"},"content":{"rendered":"<p class=\"p1\">Empres\u00e1rios filiados ao Sindicato do Com\u00e9rcio Varejista &#8211; Sindivarejista &#8211; elegem nesta sexta-feira (18) o novo presidente da institui\u00e7\u00e3o, que re\u00fane donos de lojas de entrequadras e shoppings. A vota\u00e7\u00e3o ser\u00e1 das 14h <a href=\"\/\/2\"><span class=\"s3\">\u00e0s 17h<\/span><\/a> na sede da entidade, no Setor Comercial Sul, Quadra 6.<\/p>\n<p class=\"p1\"><span class=\"s1\"><b>Candidato \u00fanico<\/b><\/span><\/p>\n<p class=\"p1\"><span class=\"s2\">O vice-presidente Sebasti\u00e3o Abritta \u00e9 candidato \u00fanico.\u00a0Tallal Abu Allan, Antonio Matias e Geraldo Ara\u00fajo tamb\u00e9m comp\u00f5em a chapa de consenso. O grupo conta com o apoio de Edson de Castro, atual l\u00edder da entidade.<\/span><\/p>\n<p class=\"p1\"><span class=\"s1\">O novo mandato vai at\u00e9 2026. O Sindivarejista re\u00fane cerca de 30 mil lojas em todo o Distrito Federal.\u00a0<\/span>Abritta refor\u00e7a que o varejo \u00e9 um dos maiores geradores de empregos do pa\u00eds e a principal porta de entrada do empreendedorismo.<\/p>\n<p class=\"p1\">&#8220;Vamos atrair empresas varejistas de peso para o DF, gerando mais empregos e renda. O consumo vai aumentar em diversos segmentos&#8221;, aponta.<\/p>\n<p><b>Linhas de cr\u00e9dito\u00a0<\/b><\/p>\n<p class=\"p1\"><span class=\"s1\">O candidato disse que buscar\u00e1 \u00a0promover a fus\u00e3o de entidades patronais com atua\u00e7\u00e3o semelhante para fortalecer o setor, al\u00e9m de tentar buscar linhas de cr\u00e9dito para os comerciantes.<\/span><\/p>\n<p class=\"p1\"><span class=\"s1\"><span class=\"Apple-converted-space\">\u00a0 &#8220;<\/span>Com mais participa\u00e7\u00e3o e a\u00e7\u00e3o cont\u00ednua, conquistaremos mais influ\u00eancia e for\u00e7a pol\u00edtica. Essa \u00e9 a principal receita para a defesa n\u00e3o s\u00f3 dos varejistas, mas tamb\u00e9m de todo o setor produtivo&#8221; enfatizou.<\/span><\/p>\n<p class=\"p1\"><span class=\"s1\">Estreitar as rela\u00e7\u00f5es com os poderes Executivo, Legislativo e Judici\u00e1rio tamb\u00e9m \u00e9 meta de gest\u00e3o. &#8220;Assim, vamos<\/span>\u00a0elevar o peso do Sindivarejista&#8221;, afirmou Abritta.<\/p>\n","protected":false},"excerpt":{"rendered":"<p>Empres\u00e1rios filiados ao Sindicato do Com\u00e9rcio Varejista &#8211; Sindivarejista &#8211; elegem nesta sexta-feira (18) o novo presidente da institui\u00e7\u00e3o, que re\u00fane donos de lojas de entrequadras e shoppings. A vota\u00e7\u00e3o ser\u00e1 das 14h \u00e0s 17h na sede da entidade, no Setor Comercial Sul, Quadra 6. Candidato \u00fanico O vice-presidente Sebasti\u00e3o Abritta \u00e9 candidato \u00fanico.\u00a0Tallal Abu Allan, Antonio Matias e Geraldo [&hellip;]<\/p>\n","protected":false},"author":125,"featured_media":6947,"comment_status":"open","ping_status":"open","sticky":false,"template":"","format":"standard","meta":{"footnotes":""},"categories":[6],"tags":[726,56,779],"class_list":["post-6940","post","type-post","status-publish","format-standard","has-post-thumbnail","hentry","category-coluna-capital-s-a","tag-eleicoes","tag-sindivarejista","tag-varejo"],"_links":{"self":[{"href":"https:\/\/blogs.correiobraziliense.com.br\/capital-sa\/wp-json\/wp\/v2\/posts\/6940","targetHints":{"allow":["GET"]}}],"collection":[{"href":"https:\/\/blogs.correiobraziliense.com.br\/capital-sa\/wp-json\/wp\/v2\/posts"}],"about":[{"href":"https:\/\/blogs.correiobraziliense.com.br\/capital-sa\/wp-json\/wp\/v2\/types\/post"}],"author":[{"embeddable":true,"href":"https:\/\/blogs.correiobraziliense.com.br\/capital-sa\/wp-json\/wp\/v2\/users\/125"}],"replies":[{"embeddable":true,"href":"https:\/\/blogs.correiobraziliense.com.br\/capital-sa\/wp-json\/wp\/v2\/comments?post=6940"}],"version-history":[{"count":8,"href":"https:\/\/blogs.correiobraziliense.com.br\/capital-sa\/wp-json\/wp\/v2\/posts\/6940\/revisions"}],"predecessor-version":[{"id":6981,"href":"https:\/\/blogs.correiobraziliense.com.br\/capital-sa\/wp-json\/wp\/v2\/posts\/6940\/revisions\/6981"}],"wp:featuredmedia":[{"embeddable":true,"href":"https:\/\/blogs.correiobraziliense.com.br\/capital-sa\/wp-json\/wp\/v2\/media\/6947"}],"wp:attachment":[{"href":"https:\/\/blogs.correiobraziliense.com.br\/capital-sa\/wp-json\/wp\/v2\/media?parent=6940"}],"wp:term":[{"taxonomy":"category","embeddable":true,"href":"https:\/\/blogs.correiobraziliense.com.br\/capital-sa\/wp-json\/wp\/v2\/categories?post=6940"},{"taxonomy":"post_tag","embeddable":true,"href":"https:\/\/blogs.correiobraziliense.com.br\/capital-sa\/wp-json\/wp\/v2\/tags?post=6940"}],"curies":[{"name":"wp","href":"https:\/\/api.w.org\/{rel}","templated":true}]}}