{"id":6890,"date":"2022-02-14T15:46:38","date_gmt":"2022-02-14T18:46:38","guid":{"rendered":"https:\/\/blogs.correiobraziliense.com.br\/capital-sa\/?p=6890"},"modified":"2022-02-17T08:56:46","modified_gmt":"2022-02-17T11:56:46","slug":"cidades-do-df-participam-de-maratona-de-ideias-veja-as-que-ja-foram-premiadas","status":"publish","type":"post","link":"https:\/\/blogs.correiobraziliense.com.br\/capital-sa\/2022\/02\/14\/cidades-do-df-participam-de-maratona-de-ideias-veja-as-que-ja-foram-premiadas\/","title":{"rendered":"Cidades do DF participam de maratona de ideias.  Veja as que j\u00e1 foram premiadas"},"content":{"rendered":"<p class=\"p1\">Por Samanta Sallum<\/p>\n<p class=\"p1\"><span class=\"s1\">A primeira rodada do Hackathon &#8211; \u201cO DF que a gente quer\u201d\u00a0<\/span>contou com a participa\u00e7\u00e3o empolgada de representantes de diversas regi\u00f5es administrativas. A iniciativa busca dar voz e espa\u00e7o para que as comunidades apresentem ideias que possam ajudar no desenvolvimento econ\u00f4mico e social de suas localidades.<\/p>\n<p class=\"p1\">O evento \u00e9 realizado pelo Conselho de Desenvolvimento Econ\u00f4mico e Sustent\u00e1vel do DF (Codese) e ocorreu no s\u00e1bado, na faculdade Senac. Contou com a participa\u00e7\u00e3o da fundadora do Iesb, Eda Machado, do vice-presidente da C\u00e2mara Legislativa, Rodrigo Delmasso, do subsecret\u00e1rio de Empreendedorismo do DF, Danilo Ferreira, e do presidente do Codese, Leonardo \u00c1vila.<\/p>\n<p>&#8220;Como representantes da sociedade civil, queremos ouvir de perto todas as comunidades do DF e acolher suas propostas&#8221;, destacou \u00c1vila.<\/p>\n<p class=\"p1\"><span class=\"s1\"><b>As cidades premiadas: <\/b><\/span><\/p>\n<ul class=\"ul1\">\n<li class=\"li1\"><span class=\"s1\">Sobradinho II<span class=\"Apple-converted-space\">\u00a0 <\/span>recebeu Men\u00e7\u00e3o Honrosa pelo projeto que une casa de acolhimento para mulheres v\u00edtimas da viol\u00eancia dom\u00e9stica com gera\u00e7\u00e3o de renda para elas, por meio da produ\u00e7\u00e3o de compotas e doces de frutos do Cerrado. <\/span><\/li>\n<\/ul>\n<ul class=\"ul1\">\n<li class=\"li1\"><span class=\"s1\">O primeiro lugar foi para Planaltina com a ideia do Paisagismo Cultural. Uma proposta para fortalecer o turismo. Itapu\u00e3 ficou em segundo com o projeto para transforma\u00e7\u00e3o de aut\u00f4nomos em MEI com capacita\u00e7\u00e3o profissional.<\/span><\/li>\n<\/ul>\n<ul class=\"ul1\">\n<li class=\"li1\"><span class=\"s1\">O \u201cCircuito Parano\u00e1 &#8211; Bras\u00edlia nasce aqui&#8221; foi escolhido em terceiro lugar.<br \/>\n<\/span><span class=\"s1\"><br \/>\nNo pr\u00f3ximo s\u00e1bado tem outra rodada com a participa\u00e7\u00e3o de mais regi\u00f5es do DF.<\/span><\/li>\n<\/ul>\n<p>O Hackathon \u00e9 dividido em 4 eventos, nos meses de fevereiro e mar\u00e7o, envolvendo todas as 33 regi\u00f5es administrativas do DF. A popula\u00e7\u00e3o de cada cidade mapear\u00e1 suas \u201criquezas\u201d locais e escolher aquelas com potencial de desenvolvimento socioecon\u00f4mico regional.<\/p>\n<p>As melhores ideias ser\u00e3o apresentadas e premiadas em um evento Museu Nacional em 26 de mar\u00e7o.<\/p>\n<p class=\"p1\"><span class=\"s1\"><b>Confira o calend\u00e1rio e quando a sua cidade participar\u00e1:<\/b><\/span><\/p>\n<p class=\"p1\"><span class=\"s1\">1\u00aa fase \u2013 12 de fevereiro<\/span><\/p>\n<p class=\"p1\"><span class=\"s1\">Local: Faculdade Senac \u2013 713\/913 Sul<\/span><\/p>\n<p class=\"p1\"><span class=\"s1\">Hor\u00e1rio: das 8h \u00e0s 18h\u00a0<\/span><\/p>\n<p class=\"p1\"><span class=\"s1\">2\u00aa fase \u2013 19 de fevereiro<\/span><\/p>\n<p class=\"p1\"><span class=\"s1\">Cidades participantes: Riacho Fundo I e II, N\u00facleo Bandeirante, Candangol\u00e2ndia, Park Way, Jardim Bot\u00e2nico e PAD-DF.<\/span><\/p>\n<p class=\"p1\"><span class=\"s1\">3\u00aa fase \u2013 12 de mar\u00e7o<\/span><\/p>\n<p class=\"p1\"><span class=\"s1\">Local: A DEFINIR<\/span><\/p>\n<p class=\"p1\"><span class=\"s1\">Hor\u00e1rio: das 8h \u00e0s 18h<\/span><\/p>\n<p class=\"p1\"><span class=\"s1\">Cidades participantes: Brazl\u00e2ndia, Ceil\u00e2ndia, Sol Nascente, Samambaia, Recanto das Emas, Gama e Santa Maria.<\/span><\/p>\n<p class=\"p1\"><span class=\"s1\">4\u00aa fase \u2013 19 de mar\u00e7o<\/span><\/p>\n<p class=\"p1\"><span class=\"s1\">Local: A DEFINIR<\/span><\/p>\n<p class=\"p1\"><span class=\"s1\">Hor\u00e1rio: das 8h \u00e0s 18h<\/span><\/p>\n<p class=\"p1\"><span class=\"s1\">Cidades participantes: Taguatinga, Vicente Pires, Estrutural, SAI, \u00c1guas Claras, Arniqueiras, Guar\u00e1 I e II, Cruzeiro, Asa Sul, Asa Norte, Sudoeste, Noroeste, Lago Sul e Lago Norte.<\/span><\/p>\n<p class=\"p1\"><span class=\"s1\"><i><b>Inscri\u00e7\u00f5es GRATUITAS \u2013 Vagas LIMITADAS. <\/b><\/i><\/span><\/p>\n<p class=\"p1\"><span class=\"s1\">Participar\u00e3o do Hackathon lideran\u00e7as comunit\u00e1rias, estudantes e pessoas atuantes em todas as cidades do Distrito Federal, mas qualquer interessado tamb\u00e9m pode se inscrever.<\/span><\/p>\n<p class=\"p1\"><span class=\"s1\"><b>Informa\u00e7\u00f5es por telefone ou WhatsApp: (61) 99198-0938\u00a0<\/b><\/span><b>ou por e-mail: atendimento@espacomultiplicidade.com.br<\/b><\/p>\n","protected":false},"excerpt":{"rendered":"<p>Por Samanta Sallum A primeira rodada do Hackathon &#8211; \u201cO DF que a gente quer\u201d\u00a0contou com a participa\u00e7\u00e3o empolgada de representantes de diversas regi\u00f5es administrativas. A iniciativa busca dar voz e espa\u00e7o para que as comunidades apresentem ideias que possam ajudar no desenvolvimento econ\u00f4mico e social de suas localidades. O evento \u00e9 realizado pelo Conselho de Desenvolvimento Econ\u00f4mico e Sustent\u00e1vel [&hellip;]<\/p>\n","protected":false},"author":125,"featured_media":6900,"comment_status":"open","ping_status":"open","sticky":false,"template":"","format":"standard","meta":{"footnotes":""},"categories":[6],"tags":[824,822,141,821,823],"class_list":["post-6890","post","type-post","status-publish","format-standard","has-post-thumbnail","hentry","category-coluna-capital-s-a","tag-calendario","tag-cidades","tag-evento","tag-hackathon","tag-premiacao"],"_links":{"self":[{"href":"https:\/\/blogs.correiobraziliense.com.br\/capital-sa\/wp-json\/wp\/v2\/posts\/6890","targetHints":{"allow":["GET"]}}],"collection":[{"href":"https:\/\/blogs.correiobraziliense.com.br\/capital-sa\/wp-json\/wp\/v2\/posts"}],"about":[{"href":"https:\/\/blogs.correiobraziliense.com.br\/capital-sa\/wp-json\/wp\/v2\/types\/post"}],"author":[{"embeddable":true,"href":"https:\/\/blogs.correiobraziliense.com.br\/capital-sa\/wp-json\/wp\/v2\/users\/125"}],"replies":[{"embeddable":true,"href":"https:\/\/blogs.correiobraziliense.com.br\/capital-sa\/wp-json\/wp\/v2\/comments?post=6890"}],"version-history":[{"count":8,"href":"https:\/\/blogs.correiobraziliense.com.br\/capital-sa\/wp-json\/wp\/v2\/posts\/6890\/revisions"}],"predecessor-version":[{"id":6934,"href":"https:\/\/blogs.correiobraziliense.com.br\/capital-sa\/wp-json\/wp\/v2\/posts\/6890\/revisions\/6934"}],"wp:featuredmedia":[{"embeddable":true,"href":"https:\/\/blogs.correiobraziliense.com.br\/capital-sa\/wp-json\/wp\/v2\/media\/6900"}],"wp:attachment":[{"href":"https:\/\/blogs.correiobraziliense.com.br\/capital-sa\/wp-json\/wp\/v2\/media?parent=6890"}],"wp:term":[{"taxonomy":"category","embeddable":true,"href":"https:\/\/blogs.correiobraziliense.com.br\/capital-sa\/wp-json\/wp\/v2\/categories?post=6890"},{"taxonomy":"post_tag","embeddable":true,"href":"https:\/\/blogs.correiobraziliense.com.br\/capital-sa\/wp-json\/wp\/v2\/tags?post=6890"}],"curies":[{"name":"wp","href":"https:\/\/api.w.org\/{rel}","templated":true}]}}