{"id":6870,"date":"2022-02-14T08:46:41","date_gmt":"2022-02-14T11:46:41","guid":{"rendered":"https:\/\/blogs.correiobraziliense.com.br\/capital-sa\/?p=6870"},"modified":"2022-02-14T10:25:59","modified_gmt":"2022-02-14T13:25:59","slug":"disputa-por-hub-aereo-no-rio-pode-tirar-df-de-segunda-posicao","status":"publish","type":"post","link":"https:\/\/blogs.correiobraziliense.com.br\/capital-sa\/2022\/02\/14\/disputa-por-hub-aereo-no-rio-pode-tirar-df-de-segunda-posicao\/","title":{"rendered":"Disputa no Rio pode tirar DF da segunda posi\u00e7\u00e3o de hub a\u00e9reo no pa\u00eds"},"content":{"rendered":"<p>Por Samanta Sallum<\/p>\n<p>A possibilidade de se licitar conjuntamente os aeroportos Santos Dumont e Gale\u00e3o, no Rio de Janeiro, ter\u00e1 impacto no Distrito Federal. O ministro da Infraestrutura, Tarc\u00edsio de Freitas, destacou que, com o an\u00fancio da administradora do Gale\u00e3o em devolver a concess\u00e3o, o Santos Dumont n\u00e3o ser\u00e1 mais concedido isoladamente em leil\u00e3o.<\/p>\n<p>O poss\u00edvel controle dos dois por uma mesma concession\u00e1ria colocar\u00e1 o Rio de Janeiro em condi\u00e7\u00f5es de ser o segundo maior hub a\u00e9reo do pa\u00eds. Hoje, essa posi\u00e7\u00e3o \u00e9 ocupada pela capital federal.<\/p>\n<p><b>Veto \u00e0 Inframerica<\/b><\/p>\n<p>Para isso, a Fecom\u00e9rcio do Rio de Janeiro quer uma cl\u00e1usula de barreira. A entidade participa do grupo de trabalho para a remodelagem do edital. O objetivo \u00e9 impedir a Infram\u00e9rica, concession\u00e1ria do Aeroporto Internacional Juscelino Kubitschek, de participar da licita\u00e7\u00e3o. A de S\u00e3o Paulo tamb\u00e9m teria a mesma restri\u00e7\u00e3o, j\u00e1 que a cidade tem o maior movimento como hub do Brasil.<\/p>\n<p><b>Miss\u00e3o no Texas<\/b><\/p>\n<p>Enquanto isso, a equipe de Neg\u00f3cios A\u00e9reos do Aeroporto de Bras\u00edlia estar\u00e1 nesta semana na feira internacional Routes America, no Texas (EUA). A miss\u00e3o \u00e9 atrair novos destinos internacionais para a capital federal, mostrar a capilaridade do terminal a\u00e9reo e apresentar Bras\u00edlia como uma op\u00e7\u00e3o tur\u00edstica.<\/p>\n<p><b>Mais voos internacionais<\/b><\/p>\n<p>O head de Neg\u00f3cios A\u00e9reos da Inframerica, Roberto Luiz, destacou que em 2022 o Aeroporto JK retoma algumas rotas que operava antes da pandemia, como Orlando, Miami e Buenos Aires.<\/p>\n<p>\u201cBras\u00edlia tem capacidade e conectividade para ter mais voos internacionais, com novas oportunidades fora do eixo concentrado do Sudeste\u201d, defende o executivo da Inframerica.<\/p>\n","protected":false},"excerpt":{"rendered":"<p>Por Samanta Sallum A possibilidade de se licitar conjuntamente os aeroportos Santos Dumont e Gale\u00e3o, no Rio de Janeiro, ter\u00e1 impacto no Distrito Federal. O ministro da Infraestrutura, Tarc\u00edsio de Freitas, destacou que, com o an\u00fancio da administradora do Gale\u00e3o em devolver a concess\u00e3o, o Santos Dumont n\u00e3o ser\u00e1 mais concedido isoladamente em leil\u00e3o. O poss\u00edvel controle dos dois por [&hellip;]<\/p>\n","protected":false},"author":125,"featured_media":6879,"comment_status":"open","ping_status":"open","sticky":false,"template":"","format":"standard","meta":{"footnotes":""},"categories":[6],"tags":[816,818,819,446,198,817,820,713,80],"class_list":["post-6870","post","type-post","status-publish","format-standard","has-post-thumbnail","hentry","category-coluna-capital-s-a","tag-aeroportos","tag-galeao","tag-hubaereo","tag-licitacao","tag-riodejaneiro","tag-santosdumont","tag-texas","tag-veto","tag-inframerica"],"_links":{"self":[{"href":"https:\/\/blogs.correiobraziliense.com.br\/capital-sa\/wp-json\/wp\/v2\/posts\/6870","targetHints":{"allow":["GET"]}}],"collection":[{"href":"https:\/\/blogs.correiobraziliense.com.br\/capital-sa\/wp-json\/wp\/v2\/posts"}],"about":[{"href":"https:\/\/blogs.correiobraziliense.com.br\/capital-sa\/wp-json\/wp\/v2\/types\/post"}],"author":[{"embeddable":true,"href":"https:\/\/blogs.correiobraziliense.com.br\/capital-sa\/wp-json\/wp\/v2\/users\/125"}],"replies":[{"embeddable":true,"href":"https:\/\/blogs.correiobraziliense.com.br\/capital-sa\/wp-json\/wp\/v2\/comments?post=6870"}],"version-history":[{"count":12,"href":"https:\/\/blogs.correiobraziliense.com.br\/capital-sa\/wp-json\/wp\/v2\/posts\/6870\/revisions"}],"predecessor-version":[{"id":6889,"href":"https:\/\/blogs.correiobraziliense.com.br\/capital-sa\/wp-json\/wp\/v2\/posts\/6870\/revisions\/6889"}],"wp:featuredmedia":[{"embeddable":true,"href":"https:\/\/blogs.correiobraziliense.com.br\/capital-sa\/wp-json\/wp\/v2\/media\/6879"}],"wp:attachment":[{"href":"https:\/\/blogs.correiobraziliense.com.br\/capital-sa\/wp-json\/wp\/v2\/media?parent=6870"}],"wp:term":[{"taxonomy":"category","embeddable":true,"href":"https:\/\/blogs.correiobraziliense.com.br\/capital-sa\/wp-json\/wp\/v2\/categories?post=6870"},{"taxonomy":"post_tag","embeddable":true,"href":"https:\/\/blogs.correiobraziliense.com.br\/capital-sa\/wp-json\/wp\/v2\/tags?post=6870"}],"curies":[{"name":"wp","href":"https:\/\/api.w.org\/{rel}","templated":true}]}}