{"id":6827,"date":"2022-02-11T08:12:35","date_gmt":"2022-02-11T11:12:35","guid":{"rendered":"https:\/\/blogs.correiobraziliense.com.br\/capital-sa\/?p=6827"},"modified":"2022-02-14T10:03:28","modified_gmt":"2022-02-14T13:03:28","slug":"brasilia-ganhara-voos-diretos-para-buenos-aires","status":"publish","type":"post","link":"https:\/\/blogs.correiobraziliense.com.br\/capital-sa\/2022\/02\/11\/brasilia-ganhara-voos-diretos-para-buenos-aires\/","title":{"rendered":"Bras\u00edlia ganhar\u00e1 voos diretos para Argentina"},"content":{"rendered":"<div>\n<p>Por Samanta Sallum<\/p>\n<\/div>\n<div><\/div>\n<div><\/div>\n<div>\n<p>A partir de abril, ser\u00e3o oferecidos quatro voos semanais, diretos, entre Bras\u00edlia e Buenos Aires.\u00a0A rota, extinta em 2016, volta agora com op\u00e7\u00f5es \u00e0s ter\u00e7as, quartas, s\u00e1bados e domingos. Os hor\u00e1rios ainda est\u00e3o sendo definidos, mas ser\u00e3o dois pela manh\u00e3 e dois \u00e0 tarde.<\/p>\n<\/div>\n<div><\/div>\n<div><\/div>\n<div><\/div>\n<div><\/div>\n<div>\n<p>A novidade \u00e9 uma parceria entre a Infram\u00e9rica, a Aerol\u00edneas Argentinas, a\u00a0 Embaixada da Argentina e a Secretaria de Turismo do DF.\u00a0As passagens a\u00e9reas j\u00e1 est\u00e3o sendo vendidas pela Aerol\u00edneas Argentinas. Para viagens em abril, \u00e9 poss\u00edvel comprar ida e volta por R$ 2.074,14, com as taxas inclusas.<\/p>\n<\/div>\n<div><\/div>\n<div>\n<div>\n<p>Depois de tr\u00eas anos de tratativas, a secret\u00e1ria de Turismo, Vanessa Mendon\u00e7a, vai anunciar, nos pr\u00f3ximos dias, os detalhes da parceria. \u201cVenho alinhando essa rota desde janeiro de 2019\u201d, adiantou \u00e0 coluna.<\/p>\n<\/div>\n<div><\/div>\n<\/div>\n<div><\/div>\n<div><b>An\u00fancio oficial\u00a0<\/b><\/div>\n<div><\/div>\n<div><\/div>\n<div><\/div>\n<div>\n<p>O pr\u00f3prio presidente da Aerol\u00edneas Argentinas, Pablo Ceriani, informou ao embaixador argentino no Brasil, Daniel Scioli; ao ministro dos Transportes, Alexis Guerrera; e ao ministro do Turismo e Esportes, Matias Lammens, que, a partir de abril, adiciona Bras\u00edlia, Curitiba e Porto Alegre ao portf\u00f3lio de rotas da companhia.<\/p>\n<\/div>\n<div><\/div>\n<div><\/div>\n<div>\n<p><b>Mais turistas<\/b><\/p>\n<p>&#8220;\u00c9 uma conquista in\u00e9dita para a nossa cidade ter mais esses 4 voos internacionais. Vamos ampliar de forma significativa a visita de turistas estrangeiros na nossa cidade&#8221;, destacou a secret\u00e1ria. Ela esteve com o embaixador da Argentina fechando os detalhes da an\u00fancio da nova rota.<\/p>\n<\/div>\n","protected":false},"excerpt":{"rendered":"<p>Por Samanta Sallum A partir de abril, ser\u00e3o oferecidos quatro voos semanais, diretos, entre Bras\u00edlia e Buenos Aires.\u00a0A rota, extinta em 2016, volta agora com op\u00e7\u00f5es \u00e0s ter\u00e7as, quartas, s\u00e1bados e domingos. Os hor\u00e1rios ainda est\u00e3o sendo definidos, mas ser\u00e3o dois pela manh\u00e3 e dois \u00e0 tarde. A novidade \u00e9 uma parceria entre a Infram\u00e9rica, a Aerol\u00edneas Argentinas, a\u00a0 Embaixada [&hellip;]<\/p>\n","protected":false},"author":125,"featured_media":6838,"comment_status":"open","ping_status":"open","sticky":false,"template":"","format":"standard","meta":{"footnotes":""},"categories":[6],"tags":[803,799,124,800,802,801,333,731],"class_list":["post-6827","post","type-post","status-publish","format-standard","has-post-thumbnail","hentry","category-coluna-capital-s-a","tag-aerolineasargentina","tag-argentina","tag-brasilia","tag-buenosaires","tag-novidade","tag-rota","tag-turismo","tag-voos"],"_links":{"self":[{"href":"https:\/\/blogs.correiobraziliense.com.br\/capital-sa\/wp-json\/wp\/v2\/posts\/6827","targetHints":{"allow":["GET"]}}],"collection":[{"href":"https:\/\/blogs.correiobraziliense.com.br\/capital-sa\/wp-json\/wp\/v2\/posts"}],"about":[{"href":"https:\/\/blogs.correiobraziliense.com.br\/capital-sa\/wp-json\/wp\/v2\/types\/post"}],"author":[{"embeddable":true,"href":"https:\/\/blogs.correiobraziliense.com.br\/capital-sa\/wp-json\/wp\/v2\/users\/125"}],"replies":[{"embeddable":true,"href":"https:\/\/blogs.correiobraziliense.com.br\/capital-sa\/wp-json\/wp\/v2\/comments?post=6827"}],"version-history":[{"count":23,"href":"https:\/\/blogs.correiobraziliense.com.br\/capital-sa\/wp-json\/wp\/v2\/posts\/6827\/revisions"}],"predecessor-version":[{"id":6884,"href":"https:\/\/blogs.correiobraziliense.com.br\/capital-sa\/wp-json\/wp\/v2\/posts\/6827\/revisions\/6884"}],"wp:featuredmedia":[{"embeddable":true,"href":"https:\/\/blogs.correiobraziliense.com.br\/capital-sa\/wp-json\/wp\/v2\/media\/6838"}],"wp:attachment":[{"href":"https:\/\/blogs.correiobraziliense.com.br\/capital-sa\/wp-json\/wp\/v2\/media?parent=6827"}],"wp:term":[{"taxonomy":"category","embeddable":true,"href":"https:\/\/blogs.correiobraziliense.com.br\/capital-sa\/wp-json\/wp\/v2\/categories?post=6827"},{"taxonomy":"post_tag","embeddable":true,"href":"https:\/\/blogs.correiobraziliense.com.br\/capital-sa\/wp-json\/wp\/v2\/tags?post=6827"}],"curies":[{"name":"wp","href":"https:\/\/api.w.org\/{rel}","templated":true}]}}