{"id":6772,"date":"2022-02-03T07:34:24","date_gmt":"2022-02-03T10:34:24","guid":{"rendered":"https:\/\/blogs.correiobraziliense.com.br\/capital-sa\/?p=6772"},"modified":"2022-02-03T07:34:24","modified_gmt":"2022-02-03T10:34:24","slug":"a-minuciosa-arte-de-criar-ecossistemas","status":"publish","type":"post","link":"https:\/\/blogs.correiobraziliense.com.br\/capital-sa\/2022\/02\/03\/a-minuciosa-arte-de-criar-ecossistemas\/","title":{"rendered":"A minuciosa arte de criar ecossistemas"},"content":{"rendered":"<p><strong>Coluna Capital S\/A, por J\u00e9ssica Eufr\u00e1sio (interina)<\/strong><\/p>\n<p>Quando recebeu um pedido para fazer presentes de Dia das M\u00e3es para a comunidade da igreja que frequenta, Alessandra Borges Silva, 49 anos, n\u00e3o imaginava que uma ideia se tornaria a atividade que pretende assumir pelo resto da vida. Inclusive na aposentadoria. A proposta era entregar algo de que as homenageadas pudessem cuidar. Enquanto pesquisava por alternativas mais acess\u00edveis, a moradora de Samambaia Norte descobriu um universo de miniecossistemas cultiv\u00e1veis: os terr\u00e1rios.<\/p>\n<p><strong>Um modelo para chamar de seu<br \/>\n<\/strong>Apaixonada por plantas, Alessandra fez um curso virtual e, ap\u00f3s finalizar o primeiro vidro decorativo, percebeu que aquilo daria um bom neg\u00f3cio. Decidiu, ent\u00e3o, dar in\u00edcio \u00e0 Brom\u00e9lia Terr\u00e1rios. Apesar de trabalhar em casa com a produ\u00e7\u00e3o artesanal e fora, em uma cl\u00ednica, ela e o marido, que atua como auxiliar jur\u00eddico, conseguem participar de feiras e eventos locais, onde exp\u00f5em os produtos. O casal tamb\u00e9m faz montagens por encomenda, com tipos espec\u00edficos de vidro, plantas, pedras e areia, \u00e0 escolha do cliente.<\/p>\n<p><strong>Amor faz parte do neg\u00f3cio<br \/>\n<\/strong>Encantada pelo que define como um ambiente no qual gostaria de morar, Alessandra transformou a produ\u00e7\u00e3o de terr\u00e1rios em uma atividade prazerosa e uma fonte de renda que amenizou os efeitos da pandemia. &#8220;Nosso diferencial \u00e9 nunca deixar de atender um cliente com d\u00favidas no p\u00f3s-venda e sempre orientar sobre a manuten\u00e7\u00e3o e os cuidados necess\u00e1rios. Arriscamos nesse neg\u00f3cio com a cara e a coragem. Colocamos muito amor no que fazemos; por isso, fica bonito, e as pessoas se apaixonam&#8221;, define a empreendedora. Conhe\u00e7a mais dos produtos pelo Instagram <em>@bromelia.terrarios<\/em>.<\/p>\n<h3>Oportunidade para concretizar ideias<\/h3>\n<p>As inscri\u00e7\u00f5es para o programa de pr\u00e9-incuba\u00e7\u00e3o Cocreation Lab no DF terminam no pr\u00f3ximo domingo. A iniciativa contribui para o desenvolvimento de projetos com um time de especialistas que acompanham a proposta desde a fase inicial, a fim de transform\u00e1-la em um empreendimento s\u00f3lido e rent\u00e1vel.<br \/>\nNo ano passado, a metodologia do programa levou \u00e0 abertura de 37 neg\u00f3cios na capital federal. A Funda\u00e7\u00e3o de Apoio \u00e0 Pesquisa e \u00e0 Inova\u00e7\u00e3o (FAP-DF) promove esta nova etapa junto ao Sebrae, \u00e0 Funda\u00e7\u00e3o de Empreendimentos Cient\u00edficos e Tecnol\u00f3gicos (Finatec), \u00e0 UnB e ao IFB. Para participar da sele\u00e7\u00e3o, os candidatos devem se cadastrar no site <em>cocreationlab.com.br\/editais<\/em>. Na fase seguinte, os escolhidos entrar\u00e3o em atividades h\u00edbridas, com mentoria, cursos e reuni\u00f5es para aprimoramento da ideia.<\/p>\n<p><strong>Projeto de est\u00edmulo \u00e0 economia criativa chega a mais uma edi\u00e7\u00e3o<br \/>\n<\/strong>Com a meta de fomentar a economia do Distrito Federal, o Projeto Territ\u00f3rio Criativo chega a mais uma edi\u00e7\u00e3o no pr\u00f3ximo dia 22 \u2014 desta vez, em formato h\u00edbrido. O evento deste ano ter\u00e1 realiza\u00e7\u00e3o do coletivo fotogr\u00e1fico Lente Cultural em parceria com a Secretaria de Cultura.<br \/>\nA programa\u00e7\u00e3o, voltada ao desenvolvimento pessoal e t\u00e9cnico de quem atua nesse segmento, vai oferecer mais de 600 vagas de capacita\u00e7\u00e3o profissional e 700 atendimentos para qualifica\u00e7\u00e3o de empreendedores e neg\u00f3cios. Tudo gratuitamente.<\/p>\n<p><strong>A\u00e7\u00f5es novas<br \/>\n<\/strong>Em 2022, o evento contar\u00e1 com a Caravana Territ\u00f3rio Criativo e o Programa Territ\u00f3rio Criativo LAB. A primeira iniciativa prev\u00ea a\u00e7\u00f5es do Senac para profissionais, empreendedores e conselhos culturais em oito macrorregi\u00f5es do DF e Entorno, por seis dias em cada endere\u00e7o. O segundo abrange pr\u00e1ticas coletivas e de conhecimentos t\u00e9cnicos, com cursos, oficinas e mentoria. As lives e palestras ter\u00e3o transmiss\u00e3o simult\u00e2nea pela conta oficial do projeto no YouTube (bit.ly\/3ulUKwG). As demais atividades ser\u00e3o presenciais.<\/p>\n<p><strong>Segmento de peso<br \/>\n<\/strong>Vale lembrar que o mercado criativo do DF empregava 85 mil pessoas em 2020 e, no ano anterior, a capital do pa\u00eds teve o segundo maior n\u00famero de empresas em funcionamento nesse segmento entre as 27 unidades da Federa\u00e7\u00e3o, como divulgado pelo IBGE em dezembro. Ainda: entre 2017 e 2018, os brasilienses representaram a parcela da popula\u00e7\u00e3o brasileira que mais injetou dinheiro no setor.<\/p>\n<p><strong>Plataforma solid\u00e1ria une institui\u00e7\u00f5es sociais e volunt\u00e1rios<br \/>\n<\/strong>O Taguatinga Shopping desenvolveu uma plataforma virtual com objetivo de conectar volunt\u00e1rios e organiza\u00e7\u00f5es sociais que precisam de colaboradores, tanto no Distrito Federal quanto no Entorno. Lan\u00e7ado em 2019, o TGS Solid\u00e1rio promove o engajamento c\u00edvico, por meio do cadastro de institui\u00e7\u00f5es e de participantes interessados em ajud\u00e1-las. Para fazer parte dessa rede beneficente, basta acessar: <em>tgssolidario.com.br<\/em>.<\/p>\n<p><strong>Ajuda na pandemia<br \/>\n<\/strong>No ano passado, a iniciativa arrecadou mais de 2 toneladas de alimentos, al\u00e9m de 5 mil itens. As doa\u00e7\u00f5es atenderam fam\u00edlias em situa\u00e7\u00e3o de vulnerabilidade social prejudicadas pela crise sanit\u00e1ria. Em dois anos de atividades, a plataforma impactou mais de 200 organiza\u00e7\u00f5es n\u00e3o governamentais, contribuiu com 1,5 milh\u00e3o de pessoas e teve aumento de 20% na base de cadastrados, que, atualmente, tem 1.705 volunt\u00e1rios.<\/p>\n<p><strong>Rede nas comunidades<br \/>\n<\/strong>O projeto soma mais de 23 mil horas de voluntariado, com a realiza\u00e7\u00e3o de 239 trabalhos. &#8220;O sucesso de nossas a\u00e7\u00f5es refor\u00e7a a import\u00e2ncia da plataforma como agente de transforma\u00e7\u00e3o da realidade social e econ\u00f4mica das comunidades. Acreditamos que a solidariedade pode mudar o local onde vivemos. Essas conquistas n\u00e3o seriam poss\u00edveis sem uma rede de apoio do p\u00fablico e de nossos volunt\u00e1rios&#8221;, afirma Amanda Cortez, coordenadora de mobiliza\u00e7\u00e3o do TGS Solid\u00e1rio.<\/p>\n","protected":false},"excerpt":{"rendered":"<p>Encantada pelo que define como um ambiente no qual gostaria de morar, Alessandra transformou a produ\u00e7\u00e3o de terr\u00e1rios em fonte de renda<\/p>\n","protected":false},"author":125,"featured_media":6773,"comment_status":"open","ping_status":"open","sticky":false,"template":"","format":"standard","meta":{"footnotes":""},"categories":[6],"tags":[785,786,787],"class_list":["post-6772","post","type-post","status-publish","format-standard","has-post-thumbnail","hentry","category-coluna-capital-s-a","tag-ecossistemas","tag-terrario","tag-territorio-criativo"],"_links":{"self":[{"href":"https:\/\/blogs.correiobraziliense.com.br\/capital-sa\/wp-json\/wp\/v2\/posts\/6772","targetHints":{"allow":["GET"]}}],"collection":[{"href":"https:\/\/blogs.correiobraziliense.com.br\/capital-sa\/wp-json\/wp\/v2\/posts"}],"about":[{"href":"https:\/\/blogs.correiobraziliense.com.br\/capital-sa\/wp-json\/wp\/v2\/types\/post"}],"author":[{"embeddable":true,"href":"https:\/\/blogs.correiobraziliense.com.br\/capital-sa\/wp-json\/wp\/v2\/users\/125"}],"replies":[{"embeddable":true,"href":"https:\/\/blogs.correiobraziliense.com.br\/capital-sa\/wp-json\/wp\/v2\/comments?post=6772"}],"version-history":[{"count":1,"href":"https:\/\/blogs.correiobraziliense.com.br\/capital-sa\/wp-json\/wp\/v2\/posts\/6772\/revisions"}],"predecessor-version":[{"id":6774,"href":"https:\/\/blogs.correiobraziliense.com.br\/capital-sa\/wp-json\/wp\/v2\/posts\/6772\/revisions\/6774"}],"wp:featuredmedia":[{"embeddable":true,"href":"https:\/\/blogs.correiobraziliense.com.br\/capital-sa\/wp-json\/wp\/v2\/media\/6773"}],"wp:attachment":[{"href":"https:\/\/blogs.correiobraziliense.com.br\/capital-sa\/wp-json\/wp\/v2\/media?parent=6772"}],"wp:term":[{"taxonomy":"category","embeddable":true,"href":"https:\/\/blogs.correiobraziliense.com.br\/capital-sa\/wp-json\/wp\/v2\/categories?post=6772"},{"taxonomy":"post_tag","embeddable":true,"href":"https:\/\/blogs.correiobraziliense.com.br\/capital-sa\/wp-json\/wp\/v2\/tags?post=6772"}],"curies":[{"name":"wp","href":"https:\/\/api.w.org\/{rel}","templated":true}]}}