{"id":6765,"date":"2022-02-01T12:05:55","date_gmt":"2022-02-01T15:05:55","guid":{"rendered":"https:\/\/blogs.correiobraziliense.com.br\/capital-sa\/?p=6765"},"modified":"2022-02-01T12:06:11","modified_gmt":"2022-02-01T15:06:11","slug":"em-2021-df-teve-mais-de-56-mil-novas-vagas-formais-segundo-caged","status":"publish","type":"post","link":"https:\/\/blogs.correiobraziliense.com.br\/capital-sa\/2022\/02\/01\/em-2021-df-teve-mais-de-56-mil-novas-vagas-formais-segundo-caged\/","title":{"rendered":"Em 2021, DF teve mais de 56 mil novas vagas formais, segundo Caged"},"content":{"rendered":"<p><strong>Coluna Capital S\/A, por J\u00e9ssica Eufr\u00e1sio (interina)<\/strong><\/p>\n<p>Ap\u00f3s amargar um 2020 com fechamento de mais de 16,5 mil postos de trabalho formais, o Distrito Federal terminou o ano passado com 56 mil novas vagas para contrata\u00e7\u00e3o pelo regime celetista. Os n\u00fameros, divulgados ontem pelo Minist\u00e9rio do Trabalho e Emprego, fazem parte do Cadastro Geral de Empregados e Desempregados (Caged). Entre as 27 unidades da Federa\u00e7\u00e3o, o DF ficou em 13\u00ba lugar no ranking do saldo \u2014 diferen\u00e7a entre contrata\u00e7\u00f5es e demiss\u00f5es \u2014 acumulado entre janeiro e dezembro de 2021.<\/p>\n<p><strong>M\u00eas na contram\u00e3o<br \/>\n<\/strong>Em todo o ano passado, o DF teve apenas um m\u00eas com fechamento de vagas \u2014 dezembro (-3.152) \u2014, enquanto agosto foi o per\u00edodo com mais contrata\u00e7\u00f5es (9.528). O panorama se difere bastante do observado no primeiro ano da pandemia, quando a capital federal ficou cinco meses com saldo negativo, sendo quatro deles consecutivos (mar\u00e7o a junho). Em abril de 2020, houve mais de 18 mil postos de trabalho fechados.<\/p>\n<p><strong>Por segmento<br \/>\n<\/strong>Todos os cinco setores produtivos considerados no balan\u00e7o acumularam saldo positivo no DF, em 2021, com mais abertura do que fechamento de vagas. Os destaques v\u00e3o para o ramo de servi\u00e7os, que abriu mais de 33 mil postos, seguido pelo com\u00e9rcio (11,4 mil) e pelo segmento da constru\u00e7\u00e3o (8,2 mil). Lojas e mercados, administrativo, produ\u00e7\u00e3o de bens e para ind\u00fastria, como artesanato e constru\u00e7\u00e3o civil, foram algumas das \u00e1reas com mais contratados no per\u00edodo.<\/p>\n<p><strong>ACUMULADO DE 2021<\/strong><\/p>\n<p>Admiss\u00f5es 356.017<br \/>\nDesligamentos 300.006<br \/>\nSaldo 56.011<br \/>\nEmpregos formais ativos 839.588<\/p>\n<h3>Resultados de atacadistas e distribuidores em an\u00e1lise<\/h3>\n<p>A Associa\u00e7\u00e3o Brasileira de Atacadistas e Distribuidores de Produtos Industrializados (Abad), entidades filiadas e a Nielsen come\u00e7aram a coleta de informa\u00e7\u00f5es para o Ranking Abad\/Nielsen 2021, com divulga\u00e7\u00e3o prevista para maio. Publicado desde 1994, o levantamento analisa resultados e a atua\u00e7\u00e3o de empresas do ramo em todo o Brasil. Em 2020, aquelas com sede no DF tiveram crescimento de 12,5%, na compara\u00e7\u00e3o com o ano anterior, e faturamento de R$ 6,5 bilh\u00f5es. Para o Sindiatacadista-DF, as previs\u00f5es do pr\u00f3ximo resultado s\u00e3o de incremento dessa participa\u00e7\u00e3o. Com 14,4% de peso sobre os rendimentos do setor no pa\u00eds, o Centro-Oeste tem 136 empreendimentos listados, dos quais 63 est\u00e3o na capital federal.<\/p>\n<p><strong>TOP 3<\/strong><\/p>\n<p><strong>Empresas brasilienses com maior faturamento em 2020<\/strong><\/p>\n<p>Grupo Dia a Dia R$ 2.783.400.100<br \/>\nCondor Atacadista R$ 583.120.610<br \/>\nDisdal Distribuidora R$ 472.131.509<\/p>\n<p><strong>Promo\u00e7\u00e3o Duo Exclusive<br \/>\n<\/strong>A partir de hoje (1\u00ba\/2), quem comprar um carro novo na Bali Jeep \u2014 \u00e0 exce\u00e7\u00e3o do modelo Renegade Flex STD \u2014 ou um apartamento da PaulOOctavio com valor acima de R$ 1 milh\u00e3o \u2014 exceto no Pen\u00ednsula Lazer &amp; Urbanismo \u2014 ganhar\u00e1 um desconto especial. Compradores de im\u00f3veis receber\u00e3o um b\u00f4nus de R$ 3 mil para aquisi\u00e7\u00e3o de um ve\u00edculo, e clientes da concession\u00e1ria ter\u00e3o direito a um cart\u00e3o de R$ 20 mil para adquirir uma das unidades \u00e0 venda pela construtora. O prazo para uso do cr\u00e9dito varia de tr\u00eas a seis meses, a depender do bem. A promo\u00e7\u00e3o n\u00e3o \u00e9 cumulativa com outras do grupo empresarial.<\/p>\n","protected":false},"excerpt":{"rendered":"<p>Ap\u00f3s um 2020 com fechamento de mais de 16,5 mil postos de trabalho formais, o DF terminou 2021 com 56 mil vagas para contrata\u00e7\u00e3o pelo regime celetista<\/p>\n","protected":false},"author":125,"featured_media":6766,"comment_status":"open","ping_status":"open","sticky":false,"template":"","format":"standard","meta":{"footnotes":""},"categories":[1],"tags":[],"class_list":["post-6765","post","type-post","status-publish","format-standard","has-post-thumbnail","hentry","category-sem-categoria"],"_links":{"self":[{"href":"https:\/\/blogs.correiobraziliense.com.br\/capital-sa\/wp-json\/wp\/v2\/posts\/6765","targetHints":{"allow":["GET"]}}],"collection":[{"href":"https:\/\/blogs.correiobraziliense.com.br\/capital-sa\/wp-json\/wp\/v2\/posts"}],"about":[{"href":"https:\/\/blogs.correiobraziliense.com.br\/capital-sa\/wp-json\/wp\/v2\/types\/post"}],"author":[{"embeddable":true,"href":"https:\/\/blogs.correiobraziliense.com.br\/capital-sa\/wp-json\/wp\/v2\/users\/125"}],"replies":[{"embeddable":true,"href":"https:\/\/blogs.correiobraziliense.com.br\/capital-sa\/wp-json\/wp\/v2\/comments?post=6765"}],"version-history":[{"count":2,"href":"https:\/\/blogs.correiobraziliense.com.br\/capital-sa\/wp-json\/wp\/v2\/posts\/6765\/revisions"}],"predecessor-version":[{"id":6768,"href":"https:\/\/blogs.correiobraziliense.com.br\/capital-sa\/wp-json\/wp\/v2\/posts\/6765\/revisions\/6768"}],"wp:featuredmedia":[{"embeddable":true,"href":"https:\/\/blogs.correiobraziliense.com.br\/capital-sa\/wp-json\/wp\/v2\/media\/6766"}],"wp:attachment":[{"href":"https:\/\/blogs.correiobraziliense.com.br\/capital-sa\/wp-json\/wp\/v2\/media?parent=6765"}],"wp:term":[{"taxonomy":"category","embeddable":true,"href":"https:\/\/blogs.correiobraziliense.com.br\/capital-sa\/wp-json\/wp\/v2\/categories?post=6765"},{"taxonomy":"post_tag","embeddable":true,"href":"https:\/\/blogs.correiobraziliense.com.br\/capital-sa\/wp-json\/wp\/v2\/tags?post=6765"}],"curies":[{"name":"wp","href":"https:\/\/api.w.org\/{rel}","templated":true}]}}