{"id":6727,"date":"2022-01-20T07:53:16","date_gmt":"2022-01-20T10:53:16","guid":{"rendered":"https:\/\/blogs.correiobraziliense.com.br\/capital-sa\/?p=6727"},"modified":"2022-01-20T07:53:16","modified_gmt":"2022-01-20T10:53:16","slug":"numero-de-brasilienses-endividados-em-dezembro-bateu-recorde-de-2021","status":"publish","type":"post","link":"https:\/\/blogs.correiobraziliense.com.br\/capital-sa\/2022\/01\/20\/numero-de-brasilienses-endividados-em-dezembro-bateu-recorde-de-2021\/","title":{"rendered":"N\u00famero de brasilienses endividados em dezembro bateu recorde de 2021"},"content":{"rendered":"<p><strong>Coluna Capital S\/A, por J\u00e9ssica Eufr\u00e1sio (interina)<\/strong><\/p>\n<p>A mais recente Pesquisa de Endividamento e Inadimpl\u00eancia do Consumidor (Peic) revelou que o n\u00edvel de comprometimento das finan\u00e7as dos brasileiros alcan\u00e7ou o maior n\u00edvel dos \u00faltimos 11 anos. No Distrito Federal, a quantidade de pessoas com d\u00edvidas em aberto no m\u00eas passado foi a maior de 2021. Mais de 787,5 mil brasilienses terminaram o ano devendo, e 111 mil deles alegaram que n\u00e3o ter\u00e3o condi\u00e7\u00f5es de pagar.<\/p>\n<p><strong>Cr\u00e9dito pessoal teve prefer\u00eancia<br \/>\n<\/strong>O levantamento peri\u00f3dico da Confedera\u00e7\u00e3o Nacional do Com\u00e9rcio (CNC) teve outro destaque: na m\u00e9dia anual, ao contr\u00e1rio do restante do pa\u00eds, o cart\u00e3o de cr\u00e9dito n\u00e3o foi o principal respons\u00e1vel pelas d\u00edvidas dos brasilienses, mas, sim, o cr\u00e9dito pessoal. &#8220;Essa \u00e9 uma modalidade que encontra taxas de juros mais vantajosas que as do cart\u00e3o de cr\u00e9dito. E ela cresceu em 2021 em rela\u00e7\u00e3o aos dois anos anteriores. No caso de fam\u00edlias mais pobres, por exemplo, que usam o cart\u00e3o de cr\u00e9dito para comprar bens de primeira necessidade consumidos de imediato, a fatura acaba vindo depois. J\u00e1 o cr\u00e9dito pessoal oferece um custo mais favor\u00e1vel&#8221;, analisa a economista da CNC Izis Ferreira.<\/p>\n<p><strong>70,1%<br \/>\n<\/strong>Das fam\u00edlias do DF terminaram o ano com at\u00e9 metade da renda mensal comprometida por d\u00edvidas como cheques, cart\u00f5es, carn\u00eas, empr\u00e9stimos ou financiamentos<\/p>\n<h3>Laborat\u00f3rios aguardam distribui\u00e7\u00e3o de testes para influenza<\/h3>\n<p>Uma das principais fornecedoras de exames para detec\u00e7\u00e3o de covid-19 e influenza a laborat\u00f3rios do Distrito Federal enviou comunicado aos clientes, na ter\u00e7a-feira, para justificar a demora na entrega dos produtos. O informe explica que uma remessa de 250 mil unidades de testes r\u00e1pidos para diagn\u00f3stico da gripe chegou ao Brasil em 9 de janeiro, mas estava retida na alf\u00e2ndega desde ent\u00e3o. Os insumos, que passaram por S\u00e3o Paulo e pelo Esp\u00edrito Santo, seriam distribu\u00eddos a diferentes partes do pa\u00eds.<\/p>\n<p><strong>Lentid\u00e3o na alf\u00e2ndega<br \/>\n<\/strong>O departamento comercial da empresa enfatizou que a libera\u00e7\u00e3o ocorria de maneira &#8220;extremamente lenta, devido ao alto \u00edndice de afastamento de fiscais da Secretaria de Fazenda que atuam nos portos, al\u00e9m de quest\u00f5es reivindicat\u00f3rias da categoria que podem estar atrasando os processos&#8221;. As informa\u00e7\u00f5es foram repassadas \u00e0 empresa pela pr\u00f3pria Receita Federal. O texto acrescenta que a situa\u00e7\u00e3o tamb\u00e9m pode atrasar a previs\u00e3o de chegada dos lotes de testes para detec\u00e7\u00e3o da covid-19.<\/p>\n<p><strong>Estoque limitado<br \/>\n<\/strong>A libera\u00e7\u00e3o dos produtos pela alf\u00e2ndega ocorreu ontem. Mesmo assim, a possibilidade de a situa\u00e7\u00e3o se repetir com outras empresas preocupa donos de laborat\u00f3rios do DF, que t\u00eam atendido \u00e0 alta demanda apenas com o estoque interno dos estabelecimentos. As 210 unidades que comp\u00f5em a rede da capital federal e do Entorno n\u00e3o recebem testes de influenza desde dezembro, em virtude da ampla procura mundial. No caso dos exames para identifica\u00e7\u00e3o da covid-19, os dep\u00f3sitos das empresas est\u00e3o sem novas remessas desde 10 de janeiro. A expectativa \u00e9 de que a situa\u00e7\u00e3o se normalize s\u00f3 na primeira semana de fevereiro.<\/p>\n<p><strong>Pux\u00e3o de orelha<br \/>\n<\/strong>O agravamento da situa\u00e7\u00e3o da covid-19 no Distrito Federal, com aumentos sucessivos da taxa de transmiss\u00e3o do novo coronav\u00edrus, levou o Executivo a retomar medidas restritivas, nos \u00faltimos dias. Entre elas, o uso de m\u00e1scaras em locais abertos, o fechamento de pistas de dan\u00e7a e a proibi\u00e7\u00e3o de eventos com cobran\u00e7a de ingressos. Alguns estabelecimentos, por\u00e9m, estariam desrespeitando esta \u00faltima medida. Em entrevista coletiva ontem, no Pal\u00e1cio do Buriti, o secret\u00e1rio da Casa Civil, Gustavo Rocha, chamou a aten\u00e7\u00e3o de empres\u00e1rios do setor de bares e restaurantes pelo comportamento.<\/p>\n<p><strong>Preju\u00edzos para o segmento<br \/>\n<\/strong>Gustavo Rocha afirmou que, para evitar descumprimento da medida, respons\u00e1veis por com\u00e9rcios locais teriam deixado de cobrar ingressos por shows e compensado as despesas com a venda de bebidas por pre\u00e7os mais altos. A pr\u00e1tica levou a uma reedi\u00e7\u00e3o do decreto, para fechamento das pistas de dan\u00e7a. \u201cIsso \u00e9 uma forma clara de tentar afastar a aplica\u00e7\u00e3o do decreto ent\u00e3o em vigor. Comportamentos como esse prejudicam todo o setor e toda a sociedade\u201d, criticou.<\/p>\n","protected":false},"excerpt":{"rendered":"<p>A mais recente Peic revelou que o n\u00edvel de comprometimento das finan\u00e7as dos brasileiros alcan\u00e7ou o maior n\u00edvel dos \u00faltimos 11 anos<\/p>\n","protected":false},"author":125,"featured_media":6728,"comment_status":"open","ping_status":"open","sticky":false,"template":"","format":"standard","meta":{"footnotes":""},"categories":[6],"tags":[259,687,771,772],"class_list":["post-6727","post","type-post","status-publish","format-standard","has-post-thumbnail","hentry","category-coluna-capital-s-a","tag-consumidor","tag-dividas","tag-peic","tag-testes-de-covid-19"],"_links":{"self":[{"href":"https:\/\/blogs.correiobraziliense.com.br\/capital-sa\/wp-json\/wp\/v2\/posts\/6727","targetHints":{"allow":["GET"]}}],"collection":[{"href":"https:\/\/blogs.correiobraziliense.com.br\/capital-sa\/wp-json\/wp\/v2\/posts"}],"about":[{"href":"https:\/\/blogs.correiobraziliense.com.br\/capital-sa\/wp-json\/wp\/v2\/types\/post"}],"author":[{"embeddable":true,"href":"https:\/\/blogs.correiobraziliense.com.br\/capital-sa\/wp-json\/wp\/v2\/users\/125"}],"replies":[{"embeddable":true,"href":"https:\/\/blogs.correiobraziliense.com.br\/capital-sa\/wp-json\/wp\/v2\/comments?post=6727"}],"version-history":[{"count":1,"href":"https:\/\/blogs.correiobraziliense.com.br\/capital-sa\/wp-json\/wp\/v2\/posts\/6727\/revisions"}],"predecessor-version":[{"id":6729,"href":"https:\/\/blogs.correiobraziliense.com.br\/capital-sa\/wp-json\/wp\/v2\/posts\/6727\/revisions\/6729"}],"wp:featuredmedia":[{"embeddable":true,"href":"https:\/\/blogs.correiobraziliense.com.br\/capital-sa\/wp-json\/wp\/v2\/media\/6728"}],"wp:attachment":[{"href":"https:\/\/blogs.correiobraziliense.com.br\/capital-sa\/wp-json\/wp\/v2\/media?parent=6727"}],"wp:term":[{"taxonomy":"category","embeddable":true,"href":"https:\/\/blogs.correiobraziliense.com.br\/capital-sa\/wp-json\/wp\/v2\/categories?post=6727"},{"taxonomy":"post_tag","embeddable":true,"href":"https:\/\/blogs.correiobraziliense.com.br\/capital-sa\/wp-json\/wp\/v2\/tags?post=6727"}],"curies":[{"name":"wp","href":"https:\/\/api.w.org\/{rel}","templated":true}]}}