{"id":6712,"date":"2022-01-19T17:45:55","date_gmt":"2022-01-19T20:45:55","guid":{"rendered":"https:\/\/blogs.correiobraziliense.com.br\/capital-sa\/?p=6712"},"modified":"2022-01-19T17:53:25","modified_gmt":"2022-01-19T20:53:25","slug":"df-pode-ser-a-capital-dos-organicos","status":"publish","type":"post","link":"https:\/\/blogs.correiobraziliense.com.br\/capital-sa\/2022\/01\/19\/df-pode-ser-a-capital-dos-organicos\/","title":{"rendered":"\u201cDF pode ser a capital dos org\u00e2nicos\u201d"},"content":{"rendered":"<div>Por Samanta Sallum<\/div>\n<div><\/div>\n<div><\/div>\n<div><\/div>\n<div><b><b><br \/>\nJoe Valle, fundador da fazenda Malunga e ex-presidente da C\u00e2mara Legislativa.<\/b><\/b>&nbsp;<\/p>\n<\/div>\n<div><\/div>\n<div><\/div>\n<div><\/div>\n<div>\u2022<i> O DF tem mais potencial na produ\u00e7\u00e3o de org\u00e2nicos ?<\/i><\/div>\n<div><\/div>\n<div>Sim, podemos nos tornar a capital do org\u00e2nico . O mercado aqui est\u00e1 em expans\u00e3o. O Distrito Federal foi o primeiro estado a ter um sindicato de produtores org\u00e2nicos e com certifica\u00e7\u00e3o pr\u00f3pria. Temos tamb\u00e9m uma Emater bem preparada para dar assist\u00eancia t\u00e9cnica que precisamos e gratuita. Temos grande produ\u00e7\u00f5es de morango, tomate e folhosas.<\/div>\n<div><\/div>\n<ul class=\"Apple-dash-list\">\n<li><i>Qual a expectativa do setor para 2022 ?<\/i><\/li>\n<\/ul>\n<div><\/div>\n<div>S\u00e3o boas. Pesquisa nacional aponta aumento expressivo de consumidores de org\u00e2nicos no pa\u00eds. Cresceu em 63% em 2021. \u00a0As pessoas est\u00e3o preocupadas com a sa\u00fade e querem produtos saud\u00e1veis e de qualidade. Tamb\u00e9m h\u00e1 maior consci\u00eancia com a sa\u00fade do planeta. Assim, as empresas tamb\u00e9m est\u00e3o adotando cada vez mais pr\u00e1ticas sustent\u00e1veis.<\/p>\n<\/div>\n<div><\/div>\n<div><\/div>\n<div><\/div>\n<ul class=\"Apple-dash-list\">\n<li><i>Como a experi\u00eancia empresarial pode agregar na gest\u00e3o p\u00fablica? \u00a0Voc\u00ea, que j\u00e1 foi deputado e secret\u00e1rio de Estado, acha que um lado pode contribuir com o outro ?<\/i><\/li>\n<\/ul>\n<div><\/div>\n<div>A gest\u00e3o empresarial no nosso pa\u00eds exige um alto grau de efici\u00eancia. Tem que se superar a cada dia, pois \u00e0s vezes o Estado \u00e9 um empecilho nisso. \u00a0J\u00e1, no setor p\u00fablico, temos a miss\u00e3o de servir. O bom resultado n\u00e3o \u00e9 vender um produto, e sim entregar bons servi\u00e7os \u00e0 popula\u00e7\u00e3o. S\u00e3o gest\u00f5es e metas diferenciadas. Mas, sim a empresarial pode complementar a p\u00fablica. As ferramentas de efici\u00eancia da primeira podem ser usadas na segunda.<\/div>\n<div><\/div>\n<ul class=\"Apple-dash-list\">\n<li><i>Pretende voltar a exercer algum cargo p\u00fablico ?<\/i><\/li>\n<\/ul>\n<div><\/div>\n<div>Estamos construindo um projeto para 2022. \u00c9 bem poss\u00edvel que eu coloque meu nome \u00e0 disposi\u00e7\u00e3o para concorrer a um cargo no Executivo.<\/div>\n","protected":false},"excerpt":{"rendered":"<p>Por Samanta Sallum Joe Valle, fundador da fazenda Malunga e ex-presidente da C\u00e2mara Legislativa.&nbsp; \u2022 O DF tem mais potencial na produ\u00e7\u00e3o de org\u00e2nicos ? Sim, podemos nos tornar a capital do org\u00e2nico . O mercado aqui est\u00e1 em expans\u00e3o. O Distrito Federal foi o primeiro estado a ter um sindicato de produtores org\u00e2nicos e com certifica\u00e7\u00e3o pr\u00f3pria. Temos tamb\u00e9m [&hellip;]<\/p>\n","protected":false},"author":125,"featured_media":6717,"comment_status":"open","ping_status":"open","sticky":false,"template":"","format":"standard","meta":{"footnotes":""},"categories":[6],"tags":[],"class_list":["post-6712","post","type-post","status-publish","format-standard","has-post-thumbnail","hentry","category-coluna-capital-s-a"],"_links":{"self":[{"href":"https:\/\/blogs.correiobraziliense.com.br\/capital-sa\/wp-json\/wp\/v2\/posts\/6712","targetHints":{"allow":["GET"]}}],"collection":[{"href":"https:\/\/blogs.correiobraziliense.com.br\/capital-sa\/wp-json\/wp\/v2\/posts"}],"about":[{"href":"https:\/\/blogs.correiobraziliense.com.br\/capital-sa\/wp-json\/wp\/v2\/types\/post"}],"author":[{"embeddable":true,"href":"https:\/\/blogs.correiobraziliense.com.br\/capital-sa\/wp-json\/wp\/v2\/users\/125"}],"replies":[{"embeddable":true,"href":"https:\/\/blogs.correiobraziliense.com.br\/capital-sa\/wp-json\/wp\/v2\/comments?post=6712"}],"version-history":[{"count":13,"href":"https:\/\/blogs.correiobraziliense.com.br\/capital-sa\/wp-json\/wp\/v2\/posts\/6712\/revisions"}],"predecessor-version":[{"id":6726,"href":"https:\/\/blogs.correiobraziliense.com.br\/capital-sa\/wp-json\/wp\/v2\/posts\/6712\/revisions\/6726"}],"wp:featuredmedia":[{"embeddable":true,"href":"https:\/\/blogs.correiobraziliense.com.br\/capital-sa\/wp-json\/wp\/v2\/media\/6717"}],"wp:attachment":[{"href":"https:\/\/blogs.correiobraziliense.com.br\/capital-sa\/wp-json\/wp\/v2\/media?parent=6712"}],"wp:term":[{"taxonomy":"category","embeddable":true,"href":"https:\/\/blogs.correiobraziliense.com.br\/capital-sa\/wp-json\/wp\/v2\/categories?post=6712"},{"taxonomy":"post_tag","embeddable":true,"href":"https:\/\/blogs.correiobraziliense.com.br\/capital-sa\/wp-json\/wp\/v2\/tags?post=6712"}],"curies":[{"name":"wp","href":"https:\/\/api.w.org\/{rel}","templated":true}]}}