{"id":6693,"date":"2022-01-18T18:08:46","date_gmt":"2022-01-18T21:08:46","guid":{"rendered":"https:\/\/blogs.correiobraziliense.com.br\/capital-sa\/?p=6693"},"modified":"2022-01-19T15:40:17","modified_gmt":"2022-01-19T18:40:17","slug":"startup-brasiliense-lanca-delivery-sustentavel","status":"publish","type":"post","link":"https:\/\/blogs.correiobraziliense.com.br\/capital-sa\/2022\/01\/18\/startup-brasiliense-lanca-delivery-sustentavel\/","title":{"rendered":"Startup brasiliense lan\u00e7a delivery sustent\u00e1vel"},"content":{"rendered":"<div><\/div>\n<div>\n<p>As entregas s\u00e3o feitas em motos el\u00e9tricas, com zero emiss\u00e3o de carbono. E os motoboys s\u00e3o contratados em regime de CLT, com todas as garantias trabalhistas. A iniciativa \u00e9 do grupo brasiliense \u00a0Levvo, o mesmo que tem a franquia do McDonalds no DF.<\/p>\n<\/div>\n<div><\/div>\n<div><\/div>\n<div>&#8220;Na pandemia, muitos entregadores relataram desamparo ap\u00f3s contra\u00edrem covid-19, exposi\u00e7\u00e3o \u00e0 doen\u00e7a e, entre outras queixas, a falta de direitos trabalhistas. Ao serem contratados pela nossa empresa agora, eles recebem um treinamento para o uso das motos el\u00e9tricas, al\u00e9m de uniforme adequado e todos os equipamentos de prote\u00e7\u00e3o necess\u00e1rios para trabalhar com seguran\u00e7a&#8221;, explica Laura Oliveira , CEO da Levvo.<\/div>\n<div><\/div>\n<div>\n<p class=\"p1\"><span class=\"s1\">Como usar:<\/span><\/p>\n<p class=\"p1\"><span class=\"s1\">O aplicativo j\u00e1 est\u00e1 em funcionamento e dispon\u00edvel para download para dispositivos iOS e Android.<\/span><\/p>\n<p class=\"p1\"><span class=\"s1\">*iOS:*<\/span><\/p>\n<p class=\"p1\"><span class=\"s1\">https:\/\/apps.apple.com\/br\/app\/toppayy-carteira-digital\/id1587207815<\/span><\/p>\n<p class=\"p1\"><span class=\"s1\">*Android:* <\/span><\/p>\n<p class=\"p1\"><span class=\"s1\">https:\/\/play.google.com\/store\/apps\/details?id=br.com.mar.toppayy.cliente<\/span><\/p>\n<\/div>\n","protected":false},"excerpt":{"rendered":"<p>As entregas s\u00e3o feitas em motos el\u00e9tricas, com zero emiss\u00e3o de carbono. E os motoboys s\u00e3o contratados em regime de CLT, com todas as garantias trabalhistas. A iniciativa \u00e9 do grupo brasiliense \u00a0Levvo, o mesmo que tem a franquia do McDonalds no DF. &#8220;Na pandemia, muitos entregadores relataram desamparo ap\u00f3s contra\u00edrem covid-19, exposi\u00e7\u00e3o \u00e0 doen\u00e7a e, entre outras queixas, a [&hellip;]<\/p>\n","protected":false},"author":125,"featured_media":6700,"comment_status":"open","ping_status":"open","sticky":false,"template":"","format":"standard","meta":{"footnotes":""},"categories":[6],"tags":[348,766,767,765,326,32],"class_list":["post-6693","post","type-post","status-publish","format-standard","has-post-thumbnail","hentry","category-coluna-capital-s-a","tag-aplicativo","tag-entregas","tag-levvo","tag-motoboys","tag-sustentabilidade","tag-startup"],"_links":{"self":[{"href":"https:\/\/blogs.correiobraziliense.com.br\/capital-sa\/wp-json\/wp\/v2\/posts\/6693","targetHints":{"allow":["GET"]}}],"collection":[{"href":"https:\/\/blogs.correiobraziliense.com.br\/capital-sa\/wp-json\/wp\/v2\/posts"}],"about":[{"href":"https:\/\/blogs.correiobraziliense.com.br\/capital-sa\/wp-json\/wp\/v2\/types\/post"}],"author":[{"embeddable":true,"href":"https:\/\/blogs.correiobraziliense.com.br\/capital-sa\/wp-json\/wp\/v2\/users\/125"}],"replies":[{"embeddable":true,"href":"https:\/\/blogs.correiobraziliense.com.br\/capital-sa\/wp-json\/wp\/v2\/comments?post=6693"}],"version-history":[{"count":9,"href":"https:\/\/blogs.correiobraziliense.com.br\/capital-sa\/wp-json\/wp\/v2\/posts\/6693\/revisions"}],"predecessor-version":[{"id":6709,"href":"https:\/\/blogs.correiobraziliense.com.br\/capital-sa\/wp-json\/wp\/v2\/posts\/6693\/revisions\/6709"}],"wp:featuredmedia":[{"embeddable":true,"href":"https:\/\/blogs.correiobraziliense.com.br\/capital-sa\/wp-json\/wp\/v2\/media\/6700"}],"wp:attachment":[{"href":"https:\/\/blogs.correiobraziliense.com.br\/capital-sa\/wp-json\/wp\/v2\/media?parent=6693"}],"wp:term":[{"taxonomy":"category","embeddable":true,"href":"https:\/\/blogs.correiobraziliense.com.br\/capital-sa\/wp-json\/wp\/v2\/categories?post=6693"},{"taxonomy":"post_tag","embeddable":true,"href":"https:\/\/blogs.correiobraziliense.com.br\/capital-sa\/wp-json\/wp\/v2\/tags?post=6693"}],"curies":[{"name":"wp","href":"https:\/\/api.w.org\/{rel}","templated":true}]}}