{"id":6636,"date":"2022-01-14T19:07:57","date_gmt":"2022-01-14T22:07:57","guid":{"rendered":"https:\/\/blogs.correiobraziliense.com.br\/capital-sa\/?p=6636"},"modified":"2022-01-17T17:09:17","modified_gmt":"2022-01-17T20:09:17","slug":"sinduscon-e-ademi-alertam-para-construcoes-irregulares-no-df","status":"publish","type":"post","link":"https:\/\/blogs.correiobraziliense.com.br\/capital-sa\/2022\/01\/14\/sinduscon-e-ademi-alertam-para-construcoes-irregulares-no-df\/","title":{"rendered":"Sinduscon e Ademi alertam para constru\u00e7\u00f5es irregulares no DF"},"content":{"rendered":"<div>Por Samanta Sallum<\/div>\n<div><\/div>\n<div>Representantes do mercado imobili\u00e1rio e da constru\u00e7\u00e3o civil no DF v\u00eam alertando sobre as obras irregulares que colocam em risco a seguran\u00e7a das pessoas. O desabamento, h\u00e1 uma semana, de um pr\u00e9dio em Taguatinga e o aumento de den\u00fancias de risco semelhante em Vicente Pires s\u00e3o fatos que refor\u00e7am esse cen\u00e1rio preocupante. E exigem das autoridades p\u00fablicas forte fiscaliza\u00e7\u00e3o.<\/div>\n<div><\/div>\n<div>O Sinduscon e a Ademi j\u00e1 levaram a preocupa\u00e7\u00e3o ao GDF e ao MP. A maioria dessas constru\u00e7\u00f5es \u00e9 erguida por empresas informais, que atuam de forma clandestina sem seguir os devidos crit\u00e9rios t\u00e9cnicos.<\/div>\n<div><\/div>\n<blockquote>\n<div>&#8220;Vicente Pires \u00e9 um caso emblem\u00e1tico dos preju\u00edzos da ocupa\u00e7\u00e3o desordenada do solo. Todos perdem, ma,s principalmente, a popula\u00e7\u00e3o, que ocupa um espa\u00e7o sem seguran\u00e7a nem a presen\u00e7a efetiva do Estado&#8221;, aponta Eduardo Aroeira, presidente da Associa\u00e7\u00e3o de Empresas do Mercado Imobili\u00e1rio do Distrito Federal (Ademi-DF).<\/div>\n<\/blockquote>\n<div><\/div>\n<div>Ele alerta que os im\u00f3veis da regi\u00e3o n\u00e3o t\u00eam memorial de incorpora\u00e7\u00e3o, documento essencial para comprovar a qualidade t\u00e9cnica da constru\u00e7\u00e3o.<\/div>\n<div><\/div>\n<div><\/div>\n<div><b><br \/>\nContradi\u00e7\u00f5es urban\u00edsticas\u00a0<\/b><\/div>\n<div><\/div>\n<div><\/div>\n<div>O presidente do Sinduscon, Dionyzio Klavdianos, questiona o fato de as ocupa\u00e7\u00f5es irregulares crescerem em ritmo acelerado, enquanto projetos habitacionais planejados e que seguem os crit\u00e9rios urban\u00edsticos ficam tramitando durante anos pelos \u00f3rg\u00e3os p\u00fablicos. E tamb\u00e9m ficam no aguardo de aprecia\u00e7\u00e3o do Legislativo local, como \u00e9 o caso da atualiza\u00e7\u00e3o da Lei de Uso e Ocupa\u00e7\u00e3o do Solo (Luos).<\/div>\n<div><\/div>\n<blockquote>\n<div>&#8220;Que m\u00e1gica \u00e9 esta que faz as obras ilegais serem erguidas ao arrepio da lei pelo DF? Enquanto isso, projetos, como o do setor habitacional J\u00f3quei Clube, ficam parados&#8221; , aponta Klavdianos.<\/div>\n<\/blockquote>\n<div><\/div>\n<div>\n<p>Ele argumenta que, se o mercado formal e , devidamente legalizado, n\u00e3o consegue ofertar im\u00f3veis para moradia e com\u00e9rcio, &#8220;a popula\u00e7\u00e3o \u00e9 empurrada para essas ocupa\u00e7\u00f5es irregulares, como Vicente Pires&#8221;.<\/p>\n<\/div>\n<div><\/div>\n<div><b>Problema hist\u00f3rico \u00a0<\/b><\/div>\n<div><\/div>\n<div><\/div>\n<div>A atual gest\u00e3o na \u00e1rea habitacional do DF diz que os entraves para os projetos no setor s\u00e3o hist\u00f3ricos, mas que agora existe maior agilidade.<\/div>\n<div><\/div>\n<div>\n<p>&nbsp;<\/p>\n<p>\u201cDesde 2019, o GDF tem avan\u00e7ado a passos largos na diminui\u00e7\u00e3o do prazo para aprova\u00e7\u00e3o de projetos de arquitetura e urbanismo. Para resid\u00eancias, 7 dias. Para empreendimentos imobili\u00e1rios em geral, em torno de 4 meses. At\u00e9 mesmo a fila de 5 anos de Estudos de Impacto de Vizinhan\u00e7a foi zerada\u201d, afirma o secret\u00e1rio de Desenvolvimento Urbano e Habitacional, Mateus Oliveira.<\/p>\n<p>Ele cita que, nos tr\u00eas \u00faltimos anos, foram aprovadas: lei para novas atividades no SIG, Lei do Alvar\u00e1 em 7 dias, Lei de Antenas, Lei das Poligonais das Regi\u00f5es Administrativas, a cria\u00e7\u00e3o de Novos Lotes do Eixo Monumental e a Revis\u00e3o da Lei dos Com\u00e9rcios Locais (Puxadinhos). &#8220;Num trabalho conjunto com a C\u00e2mara Legislativa, modernizamos o Marco Legal urban\u00edstico do DF&#8221;, refor\u00e7a.<\/p>\n<p>Para \u00a02022, est\u00e3o previstas a aprova\u00e7\u00e3o da revis\u00e3o da Luos, o PPCUB, a Lei de Parcelamento do Solo e a revis\u00e3o do Pdot, dentre outros projetos.<\/p>\n<\/div>\n","protected":false},"excerpt":{"rendered":"<p>Por Samanta Sallum Representantes do mercado imobili\u00e1rio e da constru\u00e7\u00e3o civil no DF v\u00eam alertando sobre as obras irregulares que colocam em risco a seguran\u00e7a das pessoas. O desabamento, h\u00e1 uma semana, de um pr\u00e9dio em Taguatinga e o aumento de den\u00fancias de risco semelhante em Vicente Pires s\u00e3o fatos que refor\u00e7am esse cen\u00e1rio preocupante. E exigem das autoridades p\u00fablicas [&hellip;]<\/p>\n","protected":false},"author":125,"featured_media":6643,"comment_status":"open","ping_status":"open","sticky":false,"template":"","format":"standard","meta":{"footnotes":""},"categories":[6],"tags":[748,749,624,750,639,414,752,439,751],"class_list":["post-6636","post","type-post","status-publish","format-standard","has-post-thumbnail","hentry","category-coluna-capital-s-a","tag-alerta","tag-construcoes","tag-luos","tag-obrasirregulares","tag-pdot","tag-regularizacao","tag-risco","tag-seguranca","tag-vicentepires"],"_links":{"self":[{"href":"https:\/\/blogs.correiobraziliense.com.br\/capital-sa\/wp-json\/wp\/v2\/posts\/6636","targetHints":{"allow":["GET"]}}],"collection":[{"href":"https:\/\/blogs.correiobraziliense.com.br\/capital-sa\/wp-json\/wp\/v2\/posts"}],"about":[{"href":"https:\/\/blogs.correiobraziliense.com.br\/capital-sa\/wp-json\/wp\/v2\/types\/post"}],"author":[{"embeddable":true,"href":"https:\/\/blogs.correiobraziliense.com.br\/capital-sa\/wp-json\/wp\/v2\/users\/125"}],"replies":[{"embeddable":true,"href":"https:\/\/blogs.correiobraziliense.com.br\/capital-sa\/wp-json\/wp\/v2\/comments?post=6636"}],"version-history":[{"count":24,"href":"https:\/\/blogs.correiobraziliense.com.br\/capital-sa\/wp-json\/wp\/v2\/posts\/6636\/revisions"}],"predecessor-version":[{"id":6678,"href":"https:\/\/blogs.correiobraziliense.com.br\/capital-sa\/wp-json\/wp\/v2\/posts\/6636\/revisions\/6678"}],"wp:featuredmedia":[{"embeddable":true,"href":"https:\/\/blogs.correiobraziliense.com.br\/capital-sa\/wp-json\/wp\/v2\/media\/6643"}],"wp:attachment":[{"href":"https:\/\/blogs.correiobraziliense.com.br\/capital-sa\/wp-json\/wp\/v2\/media?parent=6636"}],"wp:term":[{"taxonomy":"category","embeddable":true,"href":"https:\/\/blogs.correiobraziliense.com.br\/capital-sa\/wp-json\/wp\/v2\/categories?post=6636"},{"taxonomy":"post_tag","embeddable":true,"href":"https:\/\/blogs.correiobraziliense.com.br\/capital-sa\/wp-json\/wp\/v2\/tags?post=6636"}],"curies":[{"name":"wp","href":"https:\/\/api.w.org\/{rel}","templated":true}]}}