{"id":6613,"date":"2022-01-14T10:42:34","date_gmt":"2022-01-14T13:42:34","guid":{"rendered":"https:\/\/blogs.correiobraziliense.com.br\/capital-sa\/?p=6613"},"modified":"2022-01-17T16:58:38","modified_gmt":"2022-01-17T19:58:38","slug":"industria-defende-urgencia-na-reforma-tributaria","status":"publish","type":"post","link":"https:\/\/blogs.correiobraziliense.com.br\/capital-sa\/2022\/01\/14\/industria-defende-urgencia-na-reforma-tributaria\/","title":{"rendered":"Ind\u00fastria defende urg\u00eancia na Reforma Tribut\u00e1ria"},"content":{"rendered":"<div>Por Samanta Sallum<\/div>\n<div><b><br \/>\nEntrevista\u00a0<\/b><\/div>\n<div><\/div>\n<div><\/div>\n<div><\/div>\n<div>Jamal Bittar, presidente da Federa\u00e7\u00e3o das Ind\u00fastrias do DF (Fibra)<\/div>\n<div><\/div>\n<div><\/div>\n<div><\/div>\n<div><\/div>\n<div><\/div>\n<div><\/div>\n<div><b>&#8211; O senhor acha que realmente j\u00e1 estamos na fase de retomada econ\u00f4mica? O que ser\u00e1 preciso para consolidar esse processo?<\/b><\/div>\n<div><b>\u00a0<\/b>S\u00e3o necess\u00e1rias a\u00e7\u00f5es que abram espa\u00e7o para uma retomada. Uma delas \u00e9 a reforma tribut\u00e1ria, que precisa caminhar com maior celeridade para aumentar a competitividade da ind\u00fastria brasileira. Falar em retomada econ\u00f4mica \u00e9 fazer uma avalia\u00e7\u00e3o incerta neste momento. A infla\u00e7\u00e3o de 2021 fechou em mais de 10%, a mais alta nos \u00faltimos seis anos. No mesmo ritmo, a taxa Selic disparou no ano passado, partindo de 2% em janeiro para 9,25% em dezembro. Estes dois fatores afetam muito a ind\u00fastria, uma vez que reduzem o poder de compra da popula\u00e7\u00e3o e afastam investimentos.<\/div>\n<div><\/div>\n<div><b>&#8211; O DF tem potencial de expans\u00e3o industrial? <\/b><\/div>\n<div><\/div>\n<div>Sem d\u00favidas. Estamos em uma posi\u00e7\u00e3o log\u00edstica privilegiada no Brasil, que favorece a chegada de insumos e a distribui\u00e7\u00e3o da produ\u00e7\u00e3o. O DF tamb\u00e9m tem uma popula\u00e7\u00e3o com alto n\u00edvel de escolaridade e boa renda m\u00e9dia, fatores, entre outros, fundamentais para o desenvolvimento industrial.<\/div>\n<div><\/div>\n<div><b>&#8211; Qual a voca\u00e7\u00e3o da capital federal neste setor?<\/b><\/div>\n<div><\/div>\n<div>Temos espa\u00e7o para fazer do DF um polo da ind\u00fastria 4.0, focada na produ\u00e7\u00e3o de alta tecnologia em diversos setores. Al\u00e9m da ind\u00fastria tecnol\u00f3gica, \u00e9 poss\u00edvel incentivar o desenvolvimento de setores j\u00e1 tradicionais da ind\u00fastria local, como os da constru\u00e7\u00e3o, de alimentos e bebidas e do vestu\u00e1rio, entre outros, que podem crescer e gerar ainda mais empregos e renda para a cidade.<\/div>\n<div><\/div>\n<div><b>\u00a0&#8211;\u00a0O avan\u00e7o da \u00f4micron pode trazer de novo restri\u00e7\u00f5es ao setor produtivo?<\/b><\/div>\n<div><\/div>\n<div>O setor industrial sempre cumpriu \u00e0 risca todos os protocolos sanit\u00e1rios para preven\u00e7\u00e3o \u00e0 covid-19, tanto para o cuidado com a sa\u00fade dos trabalhadores, como para que fosse poss\u00edvel a manuten\u00e7\u00e3o das atividades, que s\u00e3o fundamentais para a sociedade. A prioridade de todos deve ser o cuidado com a vida e, caso novas medidas restritivas sejam necess\u00e1rias, estas ser\u00e3o acatadas e cumpridas pela ind\u00fastria, como fez em todos os momentos de picos de transmiss\u00e3o. \u00c9 importante frisar que o governo do DF foi bastante cauteloso ao analisar nas situa\u00e7\u00f5es passadas que atividades poderiam ou n\u00e3o ser permitidas.<\/div>\n<div><\/div>\n<div><\/div>\n","protected":false},"excerpt":{"rendered":"<p>Por Samanta Sallum Entrevista\u00a0 Jamal Bittar, presidente da Federa\u00e7\u00e3o das Ind\u00fastrias do DF (Fibra) &#8211; O senhor acha que realmente j\u00e1 estamos na fase de retomada econ\u00f4mica? O que ser\u00e1 preciso para consolidar esse processo? \u00a0S\u00e3o necess\u00e1rias a\u00e7\u00f5es que abram espa\u00e7o para uma retomada. Uma delas \u00e9 a reforma tribut\u00e1ria, que precisa caminhar com maior celeridade para aumentar a competitividade [&hellip;]<\/p>\n","protected":false},"author":125,"featured_media":6620,"comment_status":"open","ping_status":"open","sticky":false,"template":"","format":"standard","meta":{"footnotes":""},"categories":[6],"tags":[332,276,742,743,720,744,71,60],"class_list":["post-6613","post","type-post","status-publish","format-standard","has-post-thumbnail","hentry","category-coluna-capital-s-a","tag-df","tag-economia","tag-entrevista","tag-jamalbittar","tag-omicron","tag-producao","tag-fibra","tag-industria"],"_links":{"self":[{"href":"https:\/\/blogs.correiobraziliense.com.br\/capital-sa\/wp-json\/wp\/v2\/posts\/6613","targetHints":{"allow":["GET"]}}],"collection":[{"href":"https:\/\/blogs.correiobraziliense.com.br\/capital-sa\/wp-json\/wp\/v2\/posts"}],"about":[{"href":"https:\/\/blogs.correiobraziliense.com.br\/capital-sa\/wp-json\/wp\/v2\/types\/post"}],"author":[{"embeddable":true,"href":"https:\/\/blogs.correiobraziliense.com.br\/capital-sa\/wp-json\/wp\/v2\/users\/125"}],"replies":[{"embeddable":true,"href":"https:\/\/blogs.correiobraziliense.com.br\/capital-sa\/wp-json\/wp\/v2\/comments?post=6613"}],"version-history":[{"count":10,"href":"https:\/\/blogs.correiobraziliense.com.br\/capital-sa\/wp-json\/wp\/v2\/posts\/6613\/revisions"}],"predecessor-version":[{"id":6675,"href":"https:\/\/blogs.correiobraziliense.com.br\/capital-sa\/wp-json\/wp\/v2\/posts\/6613\/revisions\/6675"}],"wp:featuredmedia":[{"embeddable":true,"href":"https:\/\/blogs.correiobraziliense.com.br\/capital-sa\/wp-json\/wp\/v2\/media\/6620"}],"wp:attachment":[{"href":"https:\/\/blogs.correiobraziliense.com.br\/capital-sa\/wp-json\/wp\/v2\/media?parent=6613"}],"wp:term":[{"taxonomy":"category","embeddable":true,"href":"https:\/\/blogs.correiobraziliense.com.br\/capital-sa\/wp-json\/wp\/v2\/categories?post=6613"},{"taxonomy":"post_tag","embeddable":true,"href":"https:\/\/blogs.correiobraziliense.com.br\/capital-sa\/wp-json\/wp\/v2\/tags?post=6613"}],"curies":[{"name":"wp","href":"https:\/\/api.w.org\/{rel}","templated":true}]}}