{"id":6600,"date":"2022-01-13T11:07:52","date_gmt":"2022-01-13T14:07:52","guid":{"rendered":"https:\/\/blogs.correiobraziliense.com.br\/capital-sa\/?p=6600"},"modified":"2022-01-13T20:52:02","modified_gmt":"2022-01-13T23:52:02","slug":"nao-somos-os-viloes-reage-sindeventos-ao-decreto-do-gdf","status":"publish","type":"post","link":"https:\/\/blogs.correiobraziliense.com.br\/capital-sa\/2022\/01\/13\/nao-somos-os-viloes-reage-sindeventos-ao-decreto-do-gdf\/","title":{"rendered":"\u201cN\u00e3o somos os vil\u00f5es\u201d, reage Sindeventos ao decreto do GDF"},"content":{"rendered":"<p>Por Samanta Sallum<\/p>\n<p class=\"p1\"><strong><span class=\"s1\">Entrevista<\/span><\/strong><\/p>\n<p>Ot\u00e1vio Neves, presidente da C\u00e2mara de Eventos e Turismo da Fecom\u00e9rcio-DF e do Sindeventos<span class=\"Apple-converted-space\">\u00a0<\/span>(Foto)<\/p>\n<ul class=\"ul1\">\n<li class=\"li1\"><em><span class=\"s1\">Como o setor recebeu o decreto do GDF que, mais uma vez, suspende eventos para conter a pandemia? <\/span><\/em><\/li>\n<\/ul>\n<p class=\"p1\"><span class=\"s1\">Com muita surpresa e indigna\u00e7\u00e3o. Somos uma pe\u00e7a importante da engrenagem que impulsiona a economia local, um setor que gera empregos para milhares de fam\u00edlias e tamb\u00e9m que gera impostos. Estamos mais uma vez sendo punidos injustamente. Desde a semana passada, em tratativas com o GDF, sugerimos que fossem retomados os protocolos sanit\u00e1rios a todas atividades da economia. Isso, sim, foi eficaz em 2021 e aceito por todos.<\/span><\/p>\n<ul class=\"ul1\">\n<li class=\"li1\"><em><span class=\"s1\">Acredita ser poss\u00edvel reverter isso? <\/span><\/em><\/li>\n<\/ul>\n<p class=\"p1\"><span class=\"s1\"> Hoje, temos a popula\u00e7\u00e3o vacinada e com condi\u00e7\u00f5es de ajudar a n\u00e3o propaga\u00e7\u00e3o. O GDF trata o setor de eventos como o vil\u00e3o, o que n\u00e3o \u00e9. Em 2020, fomos os primeiros a ser proibidos de trabalhar, deu muito preju\u00edzo e n\u00e3o resolveu.<span class=\"Apple-converted-space\">\u00a0<\/span>Seria mais prudente voltar a obriga\u00e7\u00e3o de uso de m\u00e1scaras em todos os<span class=\"Apple-converted-space\">\u00a0<\/span>lugares, proibir os \u00f4nibus e metr\u00f4 de circularem entupidos de gente, que os cultos religiosos tamb\u00e9m tivessem o controle. Enfim, precisamos todos contribuir.<\/span><\/p>\n<p class=\"p1\"><span class=\"s1\">\u00a0 \u00a0 \u2022 <em>Como avalia o impacto da nova onda de covid<span class=\"Apple-converted-space\">\u00a0<\/span>no turismo?<\/em> <\/span><\/p>\n<p class=\"p1\"><span class=\"s1\"> O mercado estava aquecendo, a nossa temporada de ver\u00e3o, que se estende at\u00e9 o carnaval, no in\u00edcio de mar\u00e7o, estava promissora. Mas agora a \u00f4micron, apesar de ser menos letal, est\u00e1 derrubando todos os sonhos dos empres\u00e1rios e turistas. Diferentemente de 2020, as empresas n\u00e3o t\u00eam mais f\u00f4lego financeiro para suportar isso. Ainda n\u00e3o temos o impacto financeiro, mas com certeza ser\u00e1 enorme.<\/span><\/p>\n<p class=\"p1\">\u00a0 \u00a0 \u00a0 \u2022 <em>Com a experi\u00eancia de ter sido secret\u00e1rio de Turismo do DF, o que \u00e9 preciso para que a capital federal receba mais turistas?<\/em><\/p>\n<p class=\"p1\"><span class=\"s1\">Precisamos colocar novamente Bras\u00edlia nas prateleiras das operadoras de turismo. Para isso, \u00e9 necess\u00e1rio arrumar a casa, abrir todos os monumentos para visita\u00e7\u00e3o, inclusive nos fins de semana e feriados. Esse nosso museu a c\u00e9u aberto, que \u00e9 Bras\u00edlia, n\u00e3o tem concorrente. Uma das nossas maiores voca\u00e7\u00f5es \u00e9 o turismo de eventos. \u00c9 necess\u00e1rio investir fortemente na capta\u00e7\u00e3o deles, dos mais variados, como corporativos, esportivos, culturais, congressos cient\u00edficos, e outros que deixar\u00e3o milhares e milhares de reais aqui na cidade.<\/span><\/p>\n<p>\u00a0 \u00a0 \u2022<i> E como a Fecom\u00e9rcio-DF atua nesse sentido?<\/i><\/p>\n<p class=\"p1\"><span class=\"s1\">A C\u00e2mara de Turismo da Fecom\u00e9rcio, junto do Bras\u00edlia Convention Bureau e o Codese, est\u00e1 unida fazendo o planejamento de a\u00e7\u00f5es estrat\u00e9gicas no setor<span class=\"Apple-converted-space\">\u00a0<\/span>para os pr\u00f3ximos anos. Com certeza, isso vai colaborar com o GDF em todas as a\u00e7\u00f5es necess\u00e1rias para o desenvolvimento do turismo da nossa Bras\u00edlia.<\/span><\/p>\n","protected":false},"excerpt":{"rendered":"<p>Por Samanta Sallum Entrevista Ot\u00e1vio Neves, presidente da C\u00e2mara de Eventos e Turismo da Fecom\u00e9rcio-DF e do Sindeventos\u00a0(Foto) Como o setor recebeu o decreto do GDF que, mais uma vez, suspende eventos para conter a pandemia? Com muita surpresa e indigna\u00e7\u00e3o. Somos uma pe\u00e7a importante da engrenagem que impulsiona a economia local, um setor que gera empregos para milhares de [&hellip;]<\/p>\n","protected":false},"author":125,"featured_media":6605,"comment_status":"open","ping_status":"open","sticky":false,"template":"","format":"standard","meta":{"footnotes":""},"categories":[6],"tags":[201,741,159,203,720,739,483,740,333,82,5],"class_list":["post-6600","post","type-post","status-publish","format-standard","has-post-thumbnail","hentry","category-coluna-capital-s-a","tag-covid19","tag-decreto","tag-fecomerciodf","tag-gdf","tag-omicron","tag-proibicao","tag-setor","tag-sindeventos","tag-turismo","tag-eventos","tag-pandemia"],"_links":{"self":[{"href":"https:\/\/blogs.correiobraziliense.com.br\/capital-sa\/wp-json\/wp\/v2\/posts\/6600","targetHints":{"allow":["GET"]}}],"collection":[{"href":"https:\/\/blogs.correiobraziliense.com.br\/capital-sa\/wp-json\/wp\/v2\/posts"}],"about":[{"href":"https:\/\/blogs.correiobraziliense.com.br\/capital-sa\/wp-json\/wp\/v2\/types\/post"}],"author":[{"embeddable":true,"href":"https:\/\/blogs.correiobraziliense.com.br\/capital-sa\/wp-json\/wp\/v2\/users\/125"}],"replies":[{"embeddable":true,"href":"https:\/\/blogs.correiobraziliense.com.br\/capital-sa\/wp-json\/wp\/v2\/comments?post=6600"}],"version-history":[{"count":11,"href":"https:\/\/blogs.correiobraziliense.com.br\/capital-sa\/wp-json\/wp\/v2\/posts\/6600\/revisions"}],"predecessor-version":[{"id":6612,"href":"https:\/\/blogs.correiobraziliense.com.br\/capital-sa\/wp-json\/wp\/v2\/posts\/6600\/revisions\/6612"}],"wp:featuredmedia":[{"embeddable":true,"href":"https:\/\/blogs.correiobraziliense.com.br\/capital-sa\/wp-json\/wp\/v2\/media\/6605"}],"wp:attachment":[{"href":"https:\/\/blogs.correiobraziliense.com.br\/capital-sa\/wp-json\/wp\/v2\/media?parent=6600"}],"wp:term":[{"taxonomy":"category","embeddable":true,"href":"https:\/\/blogs.correiobraziliense.com.br\/capital-sa\/wp-json\/wp\/v2\/categories?post=6600"},{"taxonomy":"post_tag","embeddable":true,"href":"https:\/\/blogs.correiobraziliense.com.br\/capital-sa\/wp-json\/wp\/v2\/tags?post=6600"}],"curies":[{"name":"wp","href":"https:\/\/api.w.org\/{rel}","templated":true}]}}