{"id":6590,"date":"2022-01-12T17:14:49","date_gmt":"2022-01-12T20:14:49","guid":{"rendered":"https:\/\/blogs.correiobraziliense.com.br\/capital-sa\/?p=6590"},"modified":"2022-01-12T17:55:34","modified_gmt":"2022-01-12T20:55:34","slug":"nova-lei-dos-puxadinhos-e-sancionada-no-df-com-anistia-de-multas","status":"publish","type":"post","link":"https:\/\/blogs.correiobraziliense.com.br\/capital-sa\/2022\/01\/12\/nova-lei-dos-puxadinhos-e-sancionada-no-df-com-anistia-de-multas\/","title":{"rendered":"Nova \u201cLei dos Puxadinhos\u201d \u00e9 sancionada no DF com anistia de multas"},"content":{"rendered":"<p>Por Samanta Sallum<\/p>\n<p class=\"p1\">Foi publicada hoje no<em> Di\u00e1rio Oficial do Distrito Federal (DODF)<\/em> a Lei Complementar n\u00ba 998, que altera a chamada\u00a0 &#8220;Lei dos Puxadinhos&#8221;. Ela disp\u00f5e sobre o uso e a ocupa\u00e7\u00e3o do solo no com\u00e9rcio local da Asa Sul. A anistia de todas das multas aplicadas, conforme definido no artigo 26, representa um al\u00edvio para os comerciantes. Outro ponto importante \u00e9 a preserva\u00e7\u00e3o do direito de livre-circula\u00e7\u00e3o dos pedestres em todos os tipos de ocupa\u00e7\u00e3o dos puxadinhos.<\/p>\n<p class=\"p1\"><span class=\"s1\">A lei n\u00e3o autoriza a coloca\u00e7\u00e3o de cadeiras e mesas al\u00e9m dos seis metros do estabelecimento, mesmo os modelos remov\u00edveis. Tamb\u00e9m pro\u00edbe o cercamento das \u00e1reas verdes.<\/span><\/p>\n<p><span class=\"s1\">As novas regras entram em vigor em\u00a0<\/span>180 dias, prazo para os comerciantes se adaptarem. Os presidentes da Abrasel-DF, Beto Pinheiro, e do Sindhobar, Jael Silva, reafirmaram o compromisso firmado com o GDF de orientar os empres\u00e1rios para regularizarem a situa\u00e7\u00e3o de seus empreendimentos dentro das novas normas e do prazo estipulado. E, assim, evitarem problemas com o DF Legal e penaliza\u00e7\u00f5es.<\/p>\n<blockquote><p>\u201cO mais urgente agora \u00e9 que os empres\u00e1rios se empenhem em regularizar a situa\u00e7\u00e3o de seus puxadinhos junto ao GDF. Vamos oferecer todo o apoio necess\u00e1rio&#8221;, disse Beto Pinheiro ao blog.<\/p><\/blockquote>\n<p>O presidente do Sindhobar, Jael Silva, avalia que a nova lei torna exequ\u00edvel a regulariza\u00e7\u00e3o dos puxadinhos, resolvendo os pontos conflitantes da lei anterior, como, por exemplo, a forma de cobran\u00e7a taxa de ocupa\u00e7\u00e3o por metro quadrado. A cobran\u00e7a passa a considerar apenas a \u00e1rea em superf\u00edcie e n\u00e3o mais a metragem total da \u00e1rea constru\u00edda.<\/p>\n<p class=\"p1\"><span class=\"s1\">Outra mudan\u00e7a \u00e9 que n\u00e3o ser\u00e1 mais preciso pedir autoriza\u00e7\u00e3o de todo o bloco da quadra em que o im\u00f3vel est\u00e1 localizado para realizar o empreendimento. Agora, os pedidos de regulariza\u00e7\u00e3o e uso da \u00e1rea podem ser feitos de forma individual diretamente ao GDF.<\/span><\/p>\n<p><b>Demoli\u00e7\u00f5es<\/b><\/p>\n<p>Caso existam avan\u00e7os fora dos padr\u00f5es legais, os respons\u00e1veis dever\u00e3o demolir as edifica\u00e7\u00f5es at\u00e9 os limites permitidos, restituindo a \u00e1rea p\u00fablica desocupada e desobstru\u00edda, em at\u00e9 um ano.<\/p>\n","protected":false},"excerpt":{"rendered":"<p>Por Samanta Sallum Foi publicada hoje no Di\u00e1rio Oficial do Distrito Federal (DODF) a Lei Complementar n\u00ba 998, que altera a chamada\u00a0 &#8220;Lei dos Puxadinhos&#8221;. Ela disp\u00f5e sobre o uso e a ocupa\u00e7\u00e3o do solo no com\u00e9rcio local da Asa Sul. A anistia de todas das multas aplicadas, conforme definido no artigo 26, representa um al\u00edvio para os comerciantes. Outro [&hellip;]<\/p>\n","protected":false},"author":125,"featured_media":6593,"comment_status":"open","ping_status":"open","sticky":false,"template":"","format":"standard","meta":{"footnotes":""},"categories":[6],"tags":[738,737,129,736,735,414,206,10],"class_list":["post-6590","post","type-post","status-publish","format-standard","has-post-thumbnail","hentry","category-coluna-capital-s-a","tag-abrasel-df","tag-aprovacao","tag-asasul","tag-lei","tag-leidospuxadinhos","tag-regularizacao","tag-sindhobar","tag-comercio"],"_links":{"self":[{"href":"https:\/\/blogs.correiobraziliense.com.br\/capital-sa\/wp-json\/wp\/v2\/posts\/6590","targetHints":{"allow":["GET"]}}],"collection":[{"href":"https:\/\/blogs.correiobraziliense.com.br\/capital-sa\/wp-json\/wp\/v2\/posts"}],"about":[{"href":"https:\/\/blogs.correiobraziliense.com.br\/capital-sa\/wp-json\/wp\/v2\/types\/post"}],"author":[{"embeddable":true,"href":"https:\/\/blogs.correiobraziliense.com.br\/capital-sa\/wp-json\/wp\/v2\/users\/125"}],"replies":[{"embeddable":true,"href":"https:\/\/blogs.correiobraziliense.com.br\/capital-sa\/wp-json\/wp\/v2\/comments?post=6590"}],"version-history":[{"count":8,"href":"https:\/\/blogs.correiobraziliense.com.br\/capital-sa\/wp-json\/wp\/v2\/posts\/6590\/revisions"}],"predecessor-version":[{"id":6599,"href":"https:\/\/blogs.correiobraziliense.com.br\/capital-sa\/wp-json\/wp\/v2\/posts\/6590\/revisions\/6599"}],"wp:featuredmedia":[{"embeddable":true,"href":"https:\/\/blogs.correiobraziliense.com.br\/capital-sa\/wp-json\/wp\/v2\/media\/6593"}],"wp:attachment":[{"href":"https:\/\/blogs.correiobraziliense.com.br\/capital-sa\/wp-json\/wp\/v2\/media?parent=6590"}],"wp:term":[{"taxonomy":"category","embeddable":true,"href":"https:\/\/blogs.correiobraziliense.com.br\/capital-sa\/wp-json\/wp\/v2\/categories?post=6590"},{"taxonomy":"post_tag","embeddable":true,"href":"https:\/\/blogs.correiobraziliense.com.br\/capital-sa\/wp-json\/wp\/v2\/tags?post=6590"}],"curies":[{"name":"wp","href":"https:\/\/api.w.org\/{rel}","templated":true}]}}