{"id":6576,"date":"2022-01-12T15:17:36","date_gmt":"2022-01-12T18:17:36","guid":{"rendered":"https:\/\/blogs.correiobraziliense.com.br\/capital-sa\/?p=6576"},"modified":"2022-01-12T17:14:55","modified_gmt":"2022-01-12T20:14:55","slug":"comercio-deve-permanecer-aberto-afirma-fecomercio-df","status":"publish","type":"post","link":"https:\/\/blogs.correiobraziliense.com.br\/capital-sa\/2022\/01\/12\/comercio-deve-permanecer-aberto-afirma-fecomercio-df\/","title":{"rendered":"&#8220;Com\u00e9rcio deve permanecer aberto&#8221;, afirma Fecom\u00e9rcio DF"},"content":{"rendered":"<p>Por Samanta Sallum<\/p>\n<p class=\"p1\"><span class=\"s1\"><b>Proje\u00e7\u00f5es para o DF <\/b><\/span><\/p>\n<p class=\"p1\"><b>Jos\u00e9 Aparecido Freire, presidente da Fecom\u00e9rcio DF<\/b><\/p>\n<ul class=\"ul1\">\n<li class=\"li1\"><em><span class=\"s1\">O avan\u00e7o da \u00f4micron traz novamente a amea\u00e7a de lockdown e\/ou medidas restritivas ao com\u00e9rcio, como redu\u00e7\u00e3o de hor\u00e1rio?<\/span><\/em><\/li>\n<\/ul>\n<p class=\"p1\"><span class=\"s1\">Possibilidade existe, mas at\u00e9 agora n\u00e3o temos nenhuma sinaliza\u00e7\u00e3o do governo em rela\u00e7\u00e3o a novos fechamentos ou restri\u00e7\u00f5es. O que temos visto \u00e9 que os sintomas dos novos casos de Covid-19 s\u00e3o leves para quem j\u00e1 est\u00e1 vacinado. Acredito que esteja havendo um alarde com rela\u00e7\u00e3o a um novo lockdown.<br \/>\n<\/span><\/p>\n<p class=\"p1\"><em>\u00a0 \u00a0 \u00a0 \u2022. O senhor acha que realmente j\u00e1 estamos na fase de retomada econ\u00f4mica? O que ser\u00e1 preciso para consolidar esse processo?<\/em><\/p>\n<p class=\"p1\"><span class=\"s1\">O segundo semestre de 2021 foi muito bom e consolidou o in\u00edcio da retomada econ\u00f4mica no Distrito Federal. Para continuarmos com esse movimento, \u00e9 necess\u00e1rio que n\u00e3o haja fechamento total do com\u00e9rcio em fun\u00e7\u00e3o de uma nova onda de Covid-19.<\/span><\/p>\n<p class=\"p1\"><span class=\"s1\">\u00a0 \u00a0 \u00a0 \u2022 \u00a0<i>Quais s\u00e3o as expectativas do setor de com\u00e9rcio, turismo, bens e servi\u00e7os no DF para 2022?<\/i><\/span><\/p>\n<p class=\"p1\"><span class=\"s1\">As expectativas s\u00e3o boas, j\u00e1 que tivemos o segundo semestre de 2021 com \u00f3timos<span class=\"Apple-converted-space\">\u00a0<\/span>resultados, conforme mostraram as pesquisas do Instituto Fecom\u00e9rcio-DF para as datas comemorativas como Dia das Crian\u00e7as, Black Friday e Natal. As empresas voltaram a investir e voltaram a gerar emprego. O com\u00e9rcio foi um dos setores que mais empregou no ano passado no Distrito Federal. Apesar de ser um ano de elei\u00e7\u00e3o, esperamos que em 2022 possamos ter estabilidade e superar a quest\u00e3o da pandemia com a vacina\u00e7\u00e3o, com tranquilidade para seguir crescendo.<\/span><\/p>\n<ul class=\"ul1\">\n<li class=\"li1\"><em><span class=\"s1\">Como os empres\u00e1rios podem contribuir para minimizar os problemas sociais da nossa capital?<\/span><\/em><\/li>\n<\/ul>\n<p class=\"p1\"><span class=\"s1\">O Sistema Fecom\u00e9rcio-DF, por meio do Sesc e do Senac, vem oferecendo diversos servi\u00e7os para a popula\u00e7\u00e3o. Al\u00e9m do Mesa Brasil, que promove seguran\u00e7a alimentar, e do projeto Fecom\u00e9rcio Perto de Voc\u00ea, que passar\u00e1 por v\u00e1rias cidades do DF em 2022 oferecendo assist\u00eancia gratuita em diversas \u00e1reas, estamos refor\u00e7ando o Programa Senac de Gratuidade (PSG). S\u00f3 este ano, j\u00e1 entregamos 800 vagas em diferentes cursos que impactam o desenvolvimento da economia.<\/span><\/p>\n<p>&nbsp;<\/p>\n","protected":false},"excerpt":{"rendered":"<p>Por Samanta Sallum Proje\u00e7\u00f5es para o DF Jos\u00e9 Aparecido Freire, presidente da Fecom\u00e9rcio DF O avan\u00e7o da \u00f4micron traz novamente a amea\u00e7a de lockdown e\/ou medidas restritivas ao com\u00e9rcio, como redu\u00e7\u00e3o de hor\u00e1rio? Possibilidade existe, mas at\u00e9 agora n\u00e3o temos nenhuma sinaliza\u00e7\u00e3o do governo em rela\u00e7\u00e3o a novos fechamentos ou restri\u00e7\u00f5es. O que temos visto \u00e9 que os sintomas dos [&hellip;]<\/p>\n","protected":false},"author":125,"featured_media":6582,"comment_status":"open","ping_status":"open","sticky":false,"template":"","format":"standard","meta":{"footnotes":""},"categories":[6],"tags":[224,375,734,204,720,10,5],"class_list":["post-6576","post","type-post","status-publish","format-standard","has-post-thumbnail","hentry","category-coluna-capital-s-a","tag-covid-19","tag-expectativas","tag-fecomercio-df","tag-lockdown","tag-omicron","tag-comercio","tag-pandemia"],"_links":{"self":[{"href":"https:\/\/blogs.correiobraziliense.com.br\/capital-sa\/wp-json\/wp\/v2\/posts\/6576","targetHints":{"allow":["GET"]}}],"collection":[{"href":"https:\/\/blogs.correiobraziliense.com.br\/capital-sa\/wp-json\/wp\/v2\/posts"}],"about":[{"href":"https:\/\/blogs.correiobraziliense.com.br\/capital-sa\/wp-json\/wp\/v2\/types\/post"}],"author":[{"embeddable":true,"href":"https:\/\/blogs.correiobraziliense.com.br\/capital-sa\/wp-json\/wp\/v2\/users\/125"}],"replies":[{"embeddable":true,"href":"https:\/\/blogs.correiobraziliense.com.br\/capital-sa\/wp-json\/wp\/v2\/comments?post=6576"}],"version-history":[{"count":8,"href":"https:\/\/blogs.correiobraziliense.com.br\/capital-sa\/wp-json\/wp\/v2\/posts\/6576\/revisions"}],"predecessor-version":[{"id":6588,"href":"https:\/\/blogs.correiobraziliense.com.br\/capital-sa\/wp-json\/wp\/v2\/posts\/6576\/revisions\/6588"}],"wp:featuredmedia":[{"embeddable":true,"href":"https:\/\/blogs.correiobraziliense.com.br\/capital-sa\/wp-json\/wp\/v2\/media\/6582"}],"wp:attachment":[{"href":"https:\/\/blogs.correiobraziliense.com.br\/capital-sa\/wp-json\/wp\/v2\/media?parent=6576"}],"wp:term":[{"taxonomy":"category","embeddable":true,"href":"https:\/\/blogs.correiobraziliense.com.br\/capital-sa\/wp-json\/wp\/v2\/categories?post=6576"},{"taxonomy":"post_tag","embeddable":true,"href":"https:\/\/blogs.correiobraziliense.com.br\/capital-sa\/wp-json\/wp\/v2\/tags?post=6576"}],"curies":[{"name":"wp","href":"https:\/\/api.w.org\/{rel}","templated":true}]}}