{"id":6570,"date":"2022-01-12T09:29:44","date_gmt":"2022-01-12T12:29:44","guid":{"rendered":"https:\/\/blogs.correiobraziliense.com.br\/capital-sa\/?p=6570"},"modified":"2022-01-12T16:44:14","modified_gmt":"2022-01-12T19:44:14","slug":"explosao-de-covid-e-influenza-frustra-turismo-no-pais","status":"publish","type":"post","link":"https:\/\/blogs.correiobraziliense.com.br\/capital-sa\/2022\/01\/12\/explosao-de-covid-e-influenza-frustra-turismo-no-pais\/","title":{"rendered":"Explos\u00e3o de Covid e influenza frustra turismo no pa\u00eds"},"content":{"rendered":"<p>Por Samanta Sallum<\/p>\n<p class=\"p1\"><span class=\"s1\">Milhares de pacotes tur\u00edsticos est\u00e3o sendo cancelados ou remarcados devido \u00e0 crise sanit\u00e1ria. A ind\u00fastria do turismo est\u00e1 novamente no centro do problema. \u00c9 o setor que sofreu de imediato o impacto diante do avan\u00e7o da \u00d4micron e da influenza.<span class=\"Apple-converted-space\">\u00a0 <\/span>Voos est\u00e3o sendo cancelados por falta de tripula\u00e7\u00e3o. Funcion\u00e1rios das companhias a\u00e9reas est\u00e3o com Covid ou gripe. E muitas pessoas tamb\u00e9m decidiram adiar as f\u00e9rias por estarem infectadas ou por medo de contamina\u00e7\u00e3o. <\/span><\/p>\n<p class=\"p1\"><span class=\"s1\"><b>Corte de voos em Bras\u00edlia <\/b><\/span><\/p>\n<p class=\"p1\"><span class=\"s1\">Nesta semana, a Latam cancelou voos, que estavam lotados, de Bras\u00edlia para o Rio de Janeiro e cidades do Nordeste. A presidente da Associa\u00e7\u00e3o Brasileira de Ag\u00eancias de Viagens (Abav) , Magda Nassar, disse \u00e0 coluna que prev\u00ea 40 dias dif\u00edceis no setor, com muito trabalho de remarca\u00e7\u00f5es de pacotes tur\u00edsticos. <\/span><\/p>\n<p class=\"p1\"><span class=\"s1\"><b>Protocolos r\u00edgidos<\/b><\/span><\/p>\n<p class=\"p1\"><span class=\"s1\">\u201cS\u00f3 teremos um balan\u00e7o real da situa\u00e7\u00e3o na pr\u00f3xima semana. No momento, temos mais pedidos de remarca\u00e7\u00f5es do que cancelamentos.<span class=\"Apple-converted-space\">\u00a0<\/span>O problema \u00e9 que as pessoas relaxaram com as medidas de prote\u00e7\u00e3o depois da vacina. Vemos, infelizmente, as aglomera\u00e7\u00f5es. E temos agora uma nova onda.\u00a0<\/span>Mas os produtos da ind\u00fastria do turismo seguem protocolos r\u00edgidos e garantimos a seguran\u00e7a em voos e hot\u00e9is\u201c, disse a presidente da Abav \u00e0 coluna.<\/p>\n<p class=\"p1\"><b>Passageiro respons\u00e1vel\u00a0<\/b><\/p>\n<p class=\"p1\"><span class=\"s1\">A Abav lan\u00e7ou, durante a pandemia, o Guia do Viajante Respons\u00e1vel. Ele cont\u00e9m orienta\u00e7\u00f5es a turistas para se protegerem e tamb\u00e9m para n\u00e3o colocarem em risco terceiros. Pode ser acessado no site e no Instagram da Abav.<\/span><\/p>\n","protected":false},"excerpt":{"rendered":"<p>Por Samanta Sallum Milhares de pacotes tur\u00edsticos est\u00e3o sendo cancelados ou remarcados devido \u00e0 crise sanit\u00e1ria. A ind\u00fastria do turismo est\u00e1 novamente no centro do problema. \u00c9 o setor que sofreu de imediato o impacto diante do avan\u00e7o da \u00d4micron e da influenza.\u00a0 Voos est\u00e3o sendo cancelados por falta de tripula\u00e7\u00e3o. Funcion\u00e1rios das companhias a\u00e9reas est\u00e3o com Covid ou gripe. [&hellip;]<\/p>\n","protected":false},"author":125,"featured_media":6575,"comment_status":"open","ping_status":"open","sticky":false,"template":"","format":"standard","meta":{"footnotes":""},"categories":[6],"tags":[733,732,224,730,716,483,333,731,5],"class_list":["post-6570","post","type-post","status-publish","format-standard","has-post-thumbnail","hentry","category-coluna-capital-s-a","tag-abav","tag-cancelamento","tag-covid-19","tag-gripe","tag-influenza","tag-setor","tag-turismo","tag-voos","tag-pandemia"],"_links":{"self":[{"href":"https:\/\/blogs.correiobraziliense.com.br\/capital-sa\/wp-json\/wp\/v2\/posts\/6570","targetHints":{"allow":["GET"]}}],"collection":[{"href":"https:\/\/blogs.correiobraziliense.com.br\/capital-sa\/wp-json\/wp\/v2\/posts"}],"about":[{"href":"https:\/\/blogs.correiobraziliense.com.br\/capital-sa\/wp-json\/wp\/v2\/types\/post"}],"author":[{"embeddable":true,"href":"https:\/\/blogs.correiobraziliense.com.br\/capital-sa\/wp-json\/wp\/v2\/users\/125"}],"replies":[{"embeddable":true,"href":"https:\/\/blogs.correiobraziliense.com.br\/capital-sa\/wp-json\/wp\/v2\/comments?post=6570"}],"version-history":[{"count":6,"href":"https:\/\/blogs.correiobraziliense.com.br\/capital-sa\/wp-json\/wp\/v2\/posts\/6570\/revisions"}],"predecessor-version":[{"id":6587,"href":"https:\/\/blogs.correiobraziliense.com.br\/capital-sa\/wp-json\/wp\/v2\/posts\/6570\/revisions\/6587"}],"wp:featuredmedia":[{"embeddable":true,"href":"https:\/\/blogs.correiobraziliense.com.br\/capital-sa\/wp-json\/wp\/v2\/media\/6575"}],"wp:attachment":[{"href":"https:\/\/blogs.correiobraziliense.com.br\/capital-sa\/wp-json\/wp\/v2\/media?parent=6570"}],"wp:term":[{"taxonomy":"category","embeddable":true,"href":"https:\/\/blogs.correiobraziliense.com.br\/capital-sa\/wp-json\/wp\/v2\/categories?post=6570"},{"taxonomy":"post_tag","embeddable":true,"href":"https:\/\/blogs.correiobraziliense.com.br\/capital-sa\/wp-json\/wp\/v2\/tags?post=6570"}],"curies":[{"name":"wp","href":"https:\/\/api.w.org\/{rel}","templated":true}]}}