{"id":6563,"date":"2022-01-11T18:01:58","date_gmt":"2022-01-11T21:01:58","guid":{"rendered":"https:\/\/blogs.correiobraziliense.com.br\/capital-sa\/?p=6563"},"modified":"2022-01-12T16:45:29","modified_gmt":"2022-01-12T19:45:29","slug":"expectativa-moderada-no-comercio-por-incertezas-sanitarias","status":"publish","type":"post","link":"https:\/\/blogs.correiobraziliense.com.br\/capital-sa\/2022\/01\/11\/expectativa-moderada-no-comercio-por-incertezas-sanitarias\/","title":{"rendered":"Expectativa \u201cmoderada\u201d no com\u00e9rcio por incertezas sanit\u00e1rias"},"content":{"rendered":"<p class=\"p1\"><span class=\"s1\"><b>Proje\u00e7\u00f5es para o DF <\/b><\/span><\/p>\n<p class=\"p1\"><span class=\"s1\"><b>Sebasti\u00e3o Abritta, vice-presidente do Sindivarejista DF e embaixador do Mesa Brasil do Sesc<span class=\"Apple-converted-space\">\u00a0<\/span>(Foto)<\/b><\/span><\/p>\n<ul class=\"ul1\">\n<li class=\"li1\"><em><span class=\"s1\">Quais as expectativas do com\u00e9rcio varejista para 2022?<\/span><\/em><\/li>\n<\/ul>\n<p class=\"p1\"><span class=\"s1\">O ano ser\u00e1 at\u00edpico.\u00a0<\/span>As expectativas para o com\u00e9rcio s\u00e3o moderadas por causa do crescimento expressivo nas vendas que ocorreu em 2021. As expectativas est\u00e3o afetadas pelas incertezas sanit\u00e1rias e pol\u00edticas, pois, al\u00e9m da volta da infla\u00e7\u00e3o, teremos elei\u00e7\u00f5es e Copa do Mundo.<\/p>\n<ul class=\"ul1\">\n<li class=\"li1\"><em><span class=\"s1\">O que ainda \u00e9 necess\u00e1rio para que o setor atravesse a crise da pandemia? Avalia que realmente estamos no momento de retomada?<\/span><\/em><\/li>\n<\/ul>\n<p class=\"p1\"><span class=\"s1\">A manuten\u00e7\u00e3o do com\u00e9rcio aberto, com respeito \u00e0s regras sanit\u00e1rias vigentes, e a amplia\u00e7\u00e3o do n\u00famero de vacinados.<span class=\"Apple-converted-space\">\u00a0<\/span>A retomada iniciou com o crescimento nas vendas em todas as datas comemorativas de 2021.<\/span><\/p>\n<ul class=\"ul1\">\n<li class=\"li1\"><em><span class=\"s1\">Como os empres\u00e1rios podem contribuir para minimizar as mazelas sociais da nossa capital?<\/span><\/em><\/li>\n<\/ul>\n<p class=\"p1\"><span class=\"s1\">N\u00f3s, empres\u00e1rios, estamos tentando manter os funcion\u00e1rios empregados, evitar demiss\u00f5es e sendo solid\u00e1rios. As doa\u00e7\u00f5es que fazemos para o Mesa Brasil &#8211; Sesc-DF est\u00e3o ajudando a minimizar a fome de milhares de pessoas mais vulner\u00e1veis.<\/span><\/p>\n","protected":false},"excerpt":{"rendered":"<p>Proje\u00e7\u00f5es para o DF Sebasti\u00e3o Abritta, vice-presidente do Sindivarejista DF e embaixador do Mesa Brasil do Sesc\u00a0(Foto) Quais as expectativas do com\u00e9rcio varejista para 2022? O ano ser\u00e1 at\u00edpico.\u00a0As expectativas para o com\u00e9rcio s\u00e3o moderadas por causa do crescimento expressivo nas vendas que ocorreu em 2021. As expectativas est\u00e3o afetadas pelas incertezas sanit\u00e1rias e pol\u00edticas, pois, al\u00e9m da volta da [&hellip;]<\/p>\n","protected":false},"author":125,"featured_media":6568,"comment_status":"open","ping_status":"open","sticky":false,"template":"","format":"standard","meta":{"footnotes":""},"categories":[1],"tags":[729,158,161,728,236,10,5,62],"class_list":["post-6563","post","type-post","status-publish","format-standard","has-post-thumbnail","hentry","category-sem-categoria","tag-ajuda","tag-empregos","tag-empresarios","tag-fome","tag-mesabrasil","tag-comercio","tag-pandemia","tag-sesc"],"_links":{"self":[{"href":"https:\/\/blogs.correiobraziliense.com.br\/capital-sa\/wp-json\/wp\/v2\/posts\/6563","targetHints":{"allow":["GET"]}}],"collection":[{"href":"https:\/\/blogs.correiobraziliense.com.br\/capital-sa\/wp-json\/wp\/v2\/posts"}],"about":[{"href":"https:\/\/blogs.correiobraziliense.com.br\/capital-sa\/wp-json\/wp\/v2\/types\/post"}],"author":[{"embeddable":true,"href":"https:\/\/blogs.correiobraziliense.com.br\/capital-sa\/wp-json\/wp\/v2\/users\/125"}],"replies":[{"embeddable":true,"href":"https:\/\/blogs.correiobraziliense.com.br\/capital-sa\/wp-json\/wp\/v2\/comments?post=6563"}],"version-history":[{"count":6,"href":"https:\/\/blogs.correiobraziliense.com.br\/capital-sa\/wp-json\/wp\/v2\/posts\/6563\/revisions"}],"predecessor-version":[{"id":6585,"href":"https:\/\/blogs.correiobraziliense.com.br\/capital-sa\/wp-json\/wp\/v2\/posts\/6563\/revisions\/6585"}],"wp:featuredmedia":[{"embeddable":true,"href":"https:\/\/blogs.correiobraziliense.com.br\/capital-sa\/wp-json\/wp\/v2\/media\/6568"}],"wp:attachment":[{"href":"https:\/\/blogs.correiobraziliense.com.br\/capital-sa\/wp-json\/wp\/v2\/media?parent=6563"}],"wp:term":[{"taxonomy":"category","embeddable":true,"href":"https:\/\/blogs.correiobraziliense.com.br\/capital-sa\/wp-json\/wp\/v2\/categories?post=6563"},{"taxonomy":"post_tag","embeddable":true,"href":"https:\/\/blogs.correiobraziliense.com.br\/capital-sa\/wp-json\/wp\/v2\/tags?post=6563"}],"curies":[{"name":"wp","href":"https:\/\/api.w.org\/{rel}","templated":true}]}}