{"id":6535,"date":"2022-01-11T10:14:20","date_gmt":"2022-01-11T13:14:20","guid":{"rendered":"https:\/\/blogs.correiobraziliense.com.br\/capital-sa\/?p=6535"},"modified":"2022-01-11T17:49:59","modified_gmt":"2022-01-11T20:49:59","slug":"omicron-e-inflacao-deixam-setor-produtivo-sob-alerta-para-2022","status":"publish","type":"post","link":"https:\/\/blogs.correiobraziliense.com.br\/capital-sa\/2022\/01\/11\/omicron-e-inflacao-deixam-setor-produtivo-sob-alerta-para-2022\/","title":{"rendered":"\u00d4micron e infla\u00e7\u00e3o deixam setor produtivo sob alerta para 2022"},"content":{"rendered":"<p class=\"p1\">Por Samanta Sallum<\/p>\n<p class=\"p1\"><span class=\"s1\">A variante \u00f4micron, a infla\u00e7\u00e3o e as elei\u00e7\u00f5es formam uma combina\u00e7\u00e3o de fatores que trazem incertezas ao setor produtivo em 2022.<span class=\"Apple-converted-space\">\u00a0 <\/span>Tanto em n\u00edvel nacional como local, a avalia\u00e7\u00e3o \u00e9 de cautela e preocupa\u00e7\u00e3o. \u201cO surgimento da nova variante do coronav\u00edrus comprova que ainda \u00e9 cedo para fazer previs\u00f5es sobre o fim da pandemia. Isso continua sendo um importante fator de risco para a economia global\u201d, avalia o presidente da CNI, Robson Braga.<\/span><\/p>\n<p class=\"p1\"><span class=\"s1\">A infla\u00e7\u00e3o, que empurra a alta de pre\u00e7os e dos juros, compromete o consumo das fam\u00edlias. \u201cIsso desestimula os investimentos das empresas no pa\u00eds\u201c, aponta Braga.<\/span><\/p>\n<p class=\"p1\"><span class=\"s1\"><b>Recupera\u00e7\u00e3o gradual<\/b><\/span><\/p>\n<p class=\"p1\"><span class=\"s1\">Pesquisa da CNC refor\u00e7a o quadro de retra\u00e7\u00e3o. Para o presidente da entidade, Jos\u00e9 Roberto Tadros, os n\u00fameros de dezembro refor\u00e7am a modera\u00e7\u00e3o das fam\u00edlias em consumir.<\/span><\/p>\n<p class=\"p1\"><span class=\"s1\">\u201cO ano de 2020 apresentou grandes obst\u00e1culos para o consumo. J\u00e1 2021 foi marcado pela incerteza e consequ\u00eancias das medidas do ano anterior. Os consumidores enxergaram uma recupera\u00e7\u00e3o gradual e desaceleraram a cautela, mas ela permanece\u201d, observa.<\/span><\/p>\n<p><b>Incertezas sanit\u00e1rias\u00a0<\/b><\/p>\n<p class=\"p1\"><span class=\"s1\">Para Sebasti\u00e3o Abritta, vice-presidente do Sindivarejista DF, o\u00a0<\/span>ano ser\u00e1 at\u00edpico.\u00a0<span class=\"s1\">As expectativas para o com\u00e9rcio s\u00e3o moderadas. \u201cEst\u00e3o\u00a0<\/span>afetadas pelas incertezas sanit\u00e1rias e pol\u00edticas, pois, al\u00e9m da volta da infla\u00e7\u00e3o, teremos elei\u00e7\u00f5es e Copa do Mundo\u201d, pontua.<\/p>\n","protected":false},"excerpt":{"rendered":"<p>Por Samanta Sallum A variante \u00f4micron, a infla\u00e7\u00e3o e as elei\u00e7\u00f5es formam uma combina\u00e7\u00e3o de fatores que trazem incertezas ao setor produtivo em 2022.\u00a0 Tanto em n\u00edvel nacional como local, a avalia\u00e7\u00e3o \u00e9 de cautela e preocupa\u00e7\u00e3o. \u201cO surgimento da nova variante do coronav\u00edrus comprova que ainda \u00e9 cedo para fazer previs\u00f5es sobre o fim da pandemia. Isso continua sendo [&hellip;]<\/p>\n","protected":false},"author":125,"featured_media":6540,"comment_status":"open","ping_status":"open","sticky":false,"template":"","format":"standard","meta":{"footnotes":""},"categories":[6],"tags":[276,721,720,722,5],"class_list":["post-6535","post","type-post","status-publish","format-standard","has-post-thumbnail","hentry","category-coluna-capital-s-a","tag-economia","tag-incertezas","tag-omicron","tag-variante","tag-pandemia"],"_links":{"self":[{"href":"https:\/\/blogs.correiobraziliense.com.br\/capital-sa\/wp-json\/wp\/v2\/posts\/6535","targetHints":{"allow":["GET"]}}],"collection":[{"href":"https:\/\/blogs.correiobraziliense.com.br\/capital-sa\/wp-json\/wp\/v2\/posts"}],"about":[{"href":"https:\/\/blogs.correiobraziliense.com.br\/capital-sa\/wp-json\/wp\/v2\/types\/post"}],"author":[{"embeddable":true,"href":"https:\/\/blogs.correiobraziliense.com.br\/capital-sa\/wp-json\/wp\/v2\/users\/125"}],"replies":[{"embeddable":true,"href":"https:\/\/blogs.correiobraziliense.com.br\/capital-sa\/wp-json\/wp\/v2\/comments?post=6535"}],"version-history":[{"count":11,"href":"https:\/\/blogs.correiobraziliense.com.br\/capital-sa\/wp-json\/wp\/v2\/posts\/6535\/revisions"}],"predecessor-version":[{"id":6558,"href":"https:\/\/blogs.correiobraziliense.com.br\/capital-sa\/wp-json\/wp\/v2\/posts\/6535\/revisions\/6558"}],"wp:featuredmedia":[{"embeddable":true,"href":"https:\/\/blogs.correiobraziliense.com.br\/capital-sa\/wp-json\/wp\/v2\/media\/6540"}],"wp:attachment":[{"href":"https:\/\/blogs.correiobraziliense.com.br\/capital-sa\/wp-json\/wp\/v2\/media?parent=6535"}],"wp:term":[{"taxonomy":"category","embeddable":true,"href":"https:\/\/blogs.correiobraziliense.com.br\/capital-sa\/wp-json\/wp\/v2\/categories?post=6535"},{"taxonomy":"post_tag","embeddable":true,"href":"https:\/\/blogs.correiobraziliense.com.br\/capital-sa\/wp-json\/wp\/v2\/tags?post=6535"}],"curies":[{"name":"wp","href":"https:\/\/api.w.org\/{rel}","templated":true}]}}