{"id":653,"date":"2020-11-18T13:56:24","date_gmt":"2020-11-18T16:56:24","guid":{"rendered":"https:\/\/blogs.correiobraziliense.com.br\/capital-sa\/?p=653"},"modified":"2020-11-18T15:50:42","modified_gmt":"2020-11-18T18:50:42","slug":"ibaneis-garante-que-brb-e-caesb-nao-serao-privatizados","status":"publish","type":"post","link":"https:\/\/blogs.correiobraziliense.com.br\/capital-sa\/2020\/11\/18\/ibaneis-garante-que-brb-e-caesb-nao-serao-privatizados\/","title":{"rendered":"Ibaneis garante que BRB e Caesb n\u00e3o ser\u00e3o privatizados"},"content":{"rendered":"<p>A CEB e o Metr\u00f4 foram, mais uma vez, duas empresas citadas pelo governador Ibaneis Rocha que precisam ser privatizadas urgentemente. Mas ele afirmou que o Banco de Bras\u00edlia (BRB) e a Caesb ser\u00e3o mantidos no setor p\u00fablico.<\/p>\n<p>A CEB ser\u00e1 vendida em 4 de dezembro por meio de leil\u00e3o na Bolsa de Valores de S\u00e3o Paulo. O Metr\u00f4, segundo Ibaneis, no in\u00edcio do ano que vem.<\/p>\n<blockquote><p>\u201cEu n\u00e3o esperava ter de vender a CEB. Como candidato, n\u00e3o tinha conhecimento da situa\u00e7\u00e3o da empresa. Ou vendemos ou perdemos a concess\u00e3o\u201c, disse <strong>Ibaneis<\/strong> agora em almo\u00e7o com 70 empres\u00e1rios no Bras\u00edlia Palace. Ele \u00e9 o palestrante convidado do Grupo de L\u00edderes Empresariais (Lide) do DF, presidido por Paulo Oct\u00e1vio.<\/p>\n<p><img loading=\"lazy\" decoding=\"async\" class=\"aligncenter size-medium wp-image-664\" src=\"https:\/\/blogs.correiobraziliense.com.br\/capital-sa\/wp-content\/uploads\/sites\/59\/2020\/11\/Po-300x199.jpg\" alt=\"\" width=\"300\" height=\"199\" srcset=\"https:\/\/blogs.correiobraziliense.com.br\/capital-sa\/wp-content\/uploads\/sites\/59\/2020\/11\/Po-300x199.jpg 300w, https:\/\/blogs.correiobraziliense.com.br\/capital-sa\/wp-content\/uploads\/sites\/59\/2020\/11\/Po-768x510.jpg 768w, https:\/\/blogs.correiobraziliense.com.br\/capital-sa\/wp-content\/uploads\/sites\/59\/2020\/11\/Po-1024x680.jpg 1024w, https:\/\/blogs.correiobraziliense.com.br\/capital-sa\/wp-content\/uploads\/sites\/59\/2020\/11\/Po-800x531.jpg 800w, https:\/\/blogs.correiobraziliense.com.br\/capital-sa\/wp-content\/uploads\/sites\/59\/2020\/11\/Po-550x365.jpg 550w, https:\/\/blogs.correiobraziliense.com.br\/capital-sa\/wp-content\/uploads\/sites\/59\/2020\/11\/Po-230x153.jpg 230w, https:\/\/blogs.correiobraziliense.com.br\/capital-sa\/wp-content\/uploads\/sites\/59\/2020\/11\/Po.jpg 1072w\" sizes=\"auto, (max-width: 300px) 100vw, 300px\" \/><\/p><\/blockquote>\n<p>O custo do Metr\u00f4 \u00e9 de R$ 900 milh\u00f5es por ano. E a d\u00edvida da CEB, de R$ 800 milh\u00f5es.<\/p>\n<p>\u201cS\u00e3o custos muito altos. Precisamos resolver isso para garantir servi\u00e7os mais eficientes \u00e0 popula\u00e7\u00e3o. Hoje, o Metr\u00f4 teve uma manh\u00e3 de lentid\u00e3o. Toda vez que chove acontece isso.&#8221;<\/p>\n<p>Ibaneis comemorou o lucro do BRB , a abertura de milhares de novos contas no banco. e mencionou que a Caesb tamb\u00e9m est\u00e1 bem. \u00a0Assim, essas empresas \u00a0est\u00e3o fora dos planos de privatiza\u00e7\u00e3o do GDF. Mas a Rodovi\u00e1ria deve ser objeto de uma parceria p\u00fablico-privada e passar por melhorias.<\/p>\n<p>&nbsp;<\/p>\n","protected":false},"excerpt":{"rendered":"<p>A CEB e o Metr\u00f4 foram, mais uma vez, duas empresas citadas pelo governador Ibaneis Rocha que precisam ser privatizadas urgentemente. Mas ele afirmou que o Banco de Bras\u00edlia (BRB) e a Caesb ser\u00e3o mantidos no setor p\u00fablico. A CEB ser\u00e1 vendida em 4 de dezembro por meio de leil\u00e3o na Bolsa de Valores de S\u00e3o Paulo. O Metr\u00f4, segundo [&hellip;]<\/p>\n","protected":false},"author":125,"featured_media":0,"comment_status":"open","ping_status":"open","sticky":false,"template":"","format":"standard","meta":{"footnotes":""},"categories":[6],"tags":[105],"class_list":["post-653","post","type-post","status-publish","format-standard","hentry","category-coluna-capital-s-a","tag-lide-ibaneis-ceb-metro-grupo-de-lideres-empresariais-caesb-brasiliapalace"],"_links":{"self":[{"href":"https:\/\/blogs.correiobraziliense.com.br\/capital-sa\/wp-json\/wp\/v2\/posts\/653","targetHints":{"allow":["GET"]}}],"collection":[{"href":"https:\/\/blogs.correiobraziliense.com.br\/capital-sa\/wp-json\/wp\/v2\/posts"}],"about":[{"href":"https:\/\/blogs.correiobraziliense.com.br\/capital-sa\/wp-json\/wp\/v2\/types\/post"}],"author":[{"embeddable":true,"href":"https:\/\/blogs.correiobraziliense.com.br\/capital-sa\/wp-json\/wp\/v2\/users\/125"}],"replies":[{"embeddable":true,"href":"https:\/\/blogs.correiobraziliense.com.br\/capital-sa\/wp-json\/wp\/v2\/comments?post=653"}],"version-history":[{"count":12,"href":"https:\/\/blogs.correiobraziliense.com.br\/capital-sa\/wp-json\/wp\/v2\/posts\/653\/revisions"}],"predecessor-version":[{"id":676,"href":"https:\/\/blogs.correiobraziliense.com.br\/capital-sa\/wp-json\/wp\/v2\/posts\/653\/revisions\/676"}],"wp:attachment":[{"href":"https:\/\/blogs.correiobraziliense.com.br\/capital-sa\/wp-json\/wp\/v2\/media?parent=653"}],"wp:term":[{"taxonomy":"category","embeddable":true,"href":"https:\/\/blogs.correiobraziliense.com.br\/capital-sa\/wp-json\/wp\/v2\/categories?post=653"},{"taxonomy":"post_tag","embeddable":true,"href":"https:\/\/blogs.correiobraziliense.com.br\/capital-sa\/wp-json\/wp\/v2\/tags?post=653"}],"curies":[{"name":"wp","href":"https:\/\/api.w.org\/{rel}","templated":true}]}}