{"id":6523,"date":"2022-01-10T15:19:45","date_gmt":"2022-01-10T18:19:45","guid":{"rendered":"https:\/\/blogs.correiobraziliense.com.br\/capital-sa\/?p=6523"},"modified":"2022-01-10T17:12:11","modified_gmt":"2022-01-10T20:12:11","slug":"aumento-de-casos-positivos-para-covid-na-rede-particular-do-df","status":"publish","type":"post","link":"https:\/\/blogs.correiobraziliense.com.br\/capital-sa\/2022\/01\/10\/aumento-de-casos-positivos-para-covid-na-rede-particular-do-df\/","title":{"rendered":"Aumento de casos positivos para Covid na rede particular do DF"},"content":{"rendered":"<div>\n<div><\/div>\n<div>A procura pelos testes de covid e influenza ap\u00f3s as festas de final de ano e viagens de f\u00e9rias est\u00e1 crescente no DF.\u00a0Na primeira semana de janeiro, em rela\u00e7\u00e3o ao in\u00edcio de dezembro, o Grupo Sabin registrou crescimento de 100% na procura por testes de covid e 200% por de influenza. Os resultados positivos para covid, que eram confirmados em apenas 2% das amostras, passaram a representar 20% do total.<\/div>\n<\/div>\n<div>O Sabin atua em todo o pa\u00eds, mas concentra a maioria das unidades no DF.\u00a0Com a rec\u00e9m-inaugurada\u00a0no aeroporto de Bras\u00edlia, soma 111, al\u00e9m dos 2 drive thrus.<\/div>\n<div><span style=\"font-size: large\">\u00a0<\/span><\/div>\n<div><span style=\"font-size: large\"><b>Painel respirat\u00f3rio para\u00a0<\/b><\/span><\/div>\n<div><span style=\"font-size: large\"><b>conter surto da gripe<\/b><\/span><\/div>\n<div><span style=\"font-size: large\">\u00a0<\/span><\/div>\n<div><span style=\"font-size: large\">O Sabin est\u00e1 oferecendo o minipainel respirat\u00f3rio que detecta os v\u00edrus Influenza A e B, Sincicial Respirat\u00f3rio e Sars Cov-2.\u00a0 Os pacientes que procurarem as unidades de medicina diagn\u00f3stica do DF para realizarem o exame de RT-PCR para coronav\u00edrus poder\u00e3o tamb\u00e9m fazer o minipainel respirat\u00f3rio sem custo adicional. A a\u00e7\u00e3o integra as atividades de responsabilidade social do Sabin para conter o surto de H3N2.<\/span><\/div>\n<div><span style=\"font-size: large\">\u00a0<\/span><\/div>\n<div><span style=\"font-size: large\"><b>Diagn\u00f3stico mais preciso<\/b><\/span><\/div>\n<div><span style=\"font-size: large\">\u00a0<\/span><\/div>\n<div><span style=\"font-size: large\">\u00a0\u201cApesar de utilizar a mesma metodologia RT-PCR, um teste de covid n\u00e3o consegue identificar a infec\u00e7\u00e3o por gripe. Para uma an\u00e1lise mais completa do quadro do paciente, \u00e9 recomendada a realiza\u00e7\u00e3o do minipainel respirat\u00f3rio. Dessa forma, vamos apoiar o paciente e seu m\u00e9dico assistente em um diagn\u00f3stico mais preciso\u201d, afirma L\u00eddia Abdalla, presidente executiva do Grupo Sabin. A a\u00e7\u00e3o ter\u00e1 vig\u00eancia at\u00e9 o fim de janeiro.<\/span><\/div>\n","protected":false},"excerpt":{"rendered":"<p>A procura pelos testes de covid e influenza ap\u00f3s as festas de final de ano e viagens de f\u00e9rias est\u00e1 crescente no DF.\u00a0Na primeira semana de janeiro, em rela\u00e7\u00e3o ao in\u00edcio de dezembro, o Grupo Sabin registrou crescimento de 100% na procura por testes de covid e 200% por de influenza. Os resultados positivos para covid, que eram confirmados em [&hellip;]<\/p>\n","protected":false},"author":125,"featured_media":6529,"comment_status":"open","ping_status":"open","sticky":false,"template":"","format":"standard","meta":{"footnotes":""},"categories":[6],"tags":[718,702,682,716,719,717,660,473],"class_list":["post-6523","post","type-post","status-publish","format-standard","has-post-thumbnail","hentry","category-coluna-capital-s-a","tag-aeroportodebrasilia","tag-aumento","tag-covid","tag-influenza","tag-minipainel","tag-procura","tag-sabin","tag-testes"],"_links":{"self":[{"href":"https:\/\/blogs.correiobraziliense.com.br\/capital-sa\/wp-json\/wp\/v2\/posts\/6523","targetHints":{"allow":["GET"]}}],"collection":[{"href":"https:\/\/blogs.correiobraziliense.com.br\/capital-sa\/wp-json\/wp\/v2\/posts"}],"about":[{"href":"https:\/\/blogs.correiobraziliense.com.br\/capital-sa\/wp-json\/wp\/v2\/types\/post"}],"author":[{"embeddable":true,"href":"https:\/\/blogs.correiobraziliense.com.br\/capital-sa\/wp-json\/wp\/v2\/users\/125"}],"replies":[{"embeddable":true,"href":"https:\/\/blogs.correiobraziliense.com.br\/capital-sa\/wp-json\/wp\/v2\/comments?post=6523"}],"version-history":[{"count":7,"href":"https:\/\/blogs.correiobraziliense.com.br\/capital-sa\/wp-json\/wp\/v2\/posts\/6523\/revisions"}],"predecessor-version":[{"id":6532,"href":"https:\/\/blogs.correiobraziliense.com.br\/capital-sa\/wp-json\/wp\/v2\/posts\/6523\/revisions\/6532"}],"wp:featuredmedia":[{"embeddable":true,"href":"https:\/\/blogs.correiobraziliense.com.br\/capital-sa\/wp-json\/wp\/v2\/media\/6529"}],"wp:attachment":[{"href":"https:\/\/blogs.correiobraziliense.com.br\/capital-sa\/wp-json\/wp\/v2\/media?parent=6523"}],"wp:term":[{"taxonomy":"category","embeddable":true,"href":"https:\/\/blogs.correiobraziliense.com.br\/capital-sa\/wp-json\/wp\/v2\/categories?post=6523"},{"taxonomy":"post_tag","embeddable":true,"href":"https:\/\/blogs.correiobraziliense.com.br\/capital-sa\/wp-json\/wp\/v2\/tags?post=6523"}],"curies":[{"name":"wp","href":"https:\/\/api.w.org\/{rel}","templated":true}]}}