{"id":6472,"date":"2022-01-05T15:54:05","date_gmt":"2022-01-05T18:54:05","guid":{"rendered":"https:\/\/blogs.correiobraziliense.com.br\/capital-sa\/?p=6472"},"modified":"2022-01-08T22:27:33","modified_gmt":"2022-01-09T01:27:33","slug":"compras-internacionais-pela-internet-serao-tributadas-no-df","status":"publish","type":"post","link":"https:\/\/blogs.correiobraziliense.com.br\/capital-sa\/2022\/01\/05\/compras-internacionais-pela-internet-serao-tributadas-no-df\/","title":{"rendered":"Compras internacionais pela internet ser\u00e3o tributadas em 18% no DF"},"content":{"rendered":"<p><span style=\"font-size: large\">Por Samanta Sallum\u00a0<\/span><\/p>\n<p><span style=\"font-size: large\">Para evitar mais evas\u00e3o do dinheiro do consumidor brasiliense em sites de compras sediados em outros pa\u00edses, foi criada uma al\u00edquota de 18% sobre essas opera\u00e7\u00f5es.<\/span><\/p>\n<p><span style=\"font-size: large\">Uma lei distrital, em vigor desde 9 de dezembro passado, criou a al\u00edquota modal para encomendas internacionais. At\u00e9 ent\u00e3o, havia dificuldade de tributa\u00e7\u00e3o nessas opera\u00e7\u00f5es.<br \/>\n<\/span><\/p>\n<p><span style=\"font-size: large\">Isso significava perda de investimento local que era transferido para outro pa\u00eds. A Secretaria de Economia do DF far\u00e1 um conv\u00eanio com empresas de entrega, como os Correios, para poder ter mais controle sobre essas transa\u00e7\u00f5es e cobrar o imposto.\u00a0<\/span><\/p>\n<p><b><span style=\"font-size: large\">Reuni\u00e3o extraordin\u00e1ria do Confaz<\/span><br \/>\n<\/b><\/p>\n<p><span style=\"font-size: large\">Na \u00faltima semana de dezembro, o Conselho Nacional de Secretarias de Fazenda (Confaz) realizou reuni\u00e3o extraordin\u00e1ria para tratar de uma Lei Complementar, aprovada no Congresso, que aguarda a san\u00e7\u00e3o presidencial. O texto garante a arrecada\u00e7\u00e3o de ICMS pelo estado de destino da mercadoria comprada por com\u00e9rcio eletr\u00f4nico. Isso em compras realizadas dentro do territ\u00f3rio nacional, entre estados.<br \/>\n<\/span><\/p>\n<p><span style=\"font-size: large\">Somente com esse tipo de opera\u00e7\u00e3o, o DF conseguiu reter no ano passado R$ 700 milh\u00f5es. Mas, se a lei n\u00e3o for sancionada, todos os estados perder\u00e3o a arrecada\u00e7\u00e3o, inclusive a capital federal.<\/span><\/p>\n<p><span style=\"font-size: large\">Chega a R$ 1 bilh\u00e3o\u00a0<\/span><span style=\"font-size: large\">a proje\u00e7\u00e3o do DF de arrecada\u00e7\u00e3o em 2022\u00a0<\/span><span style=\"font-size: large\">com ICMS cobrado sobre a compra de mercadorias\u00a0<\/span>em plataformas digitais de outros estados.<\/p>\n<p>&nbsp;<\/p>\n","protected":false},"excerpt":{"rendered":"<p>Por Samanta Sallum\u00a0 Para evitar mais evas\u00e3o do dinheiro do consumidor brasiliense em sites de compras sediados em outros pa\u00edses, foi criada uma al\u00edquota de 18% sobre essas opera\u00e7\u00f5es. Uma lei distrital, em vigor desde 9 de dezembro passado, criou a al\u00edquota modal para encomendas internacionais. At\u00e9 ent\u00e3o, havia dificuldade de tributa\u00e7\u00e3o nessas opera\u00e7\u00f5es. Isso significava perda de investimento local [&hellip;]<\/p>\n","protected":false},"author":125,"featured_media":6476,"comment_status":"open","ping_status":"open","sticky":false,"template":"","format":"standard","meta":{"footnotes":""},"categories":[6],"tags":[506,597,378,368,709,10],"class_list":["post-6472","post","type-post","status-publish","format-standard","has-post-thumbnail","hentry","category-coluna-capital-s-a","tag-aliquota","tag-arrecadacao","tag-icms","tag-imposto","tag-tributacao-comprainternacional","tag-comercio"],"_links":{"self":[{"href":"https:\/\/blogs.correiobraziliense.com.br\/capital-sa\/wp-json\/wp\/v2\/posts\/6472","targetHints":{"allow":["GET"]}}],"collection":[{"href":"https:\/\/blogs.correiobraziliense.com.br\/capital-sa\/wp-json\/wp\/v2\/posts"}],"about":[{"href":"https:\/\/blogs.correiobraziliense.com.br\/capital-sa\/wp-json\/wp\/v2\/types\/post"}],"author":[{"embeddable":true,"href":"https:\/\/blogs.correiobraziliense.com.br\/capital-sa\/wp-json\/wp\/v2\/users\/125"}],"replies":[{"embeddable":true,"href":"https:\/\/blogs.correiobraziliense.com.br\/capital-sa\/wp-json\/wp\/v2\/comments?post=6472"}],"version-history":[{"count":10,"href":"https:\/\/blogs.correiobraziliense.com.br\/capital-sa\/wp-json\/wp\/v2\/posts\/6472\/revisions"}],"predecessor-version":[{"id":6522,"href":"https:\/\/blogs.correiobraziliense.com.br\/capital-sa\/wp-json\/wp\/v2\/posts\/6472\/revisions\/6522"}],"wp:featuredmedia":[{"embeddable":true,"href":"https:\/\/blogs.correiobraziliense.com.br\/capital-sa\/wp-json\/wp\/v2\/media\/6476"}],"wp:attachment":[{"href":"https:\/\/blogs.correiobraziliense.com.br\/capital-sa\/wp-json\/wp\/v2\/media?parent=6472"}],"wp:term":[{"taxonomy":"category","embeddable":true,"href":"https:\/\/blogs.correiobraziliense.com.br\/capital-sa\/wp-json\/wp\/v2\/categories?post=6472"},{"taxonomy":"post_tag","embeddable":true,"href":"https:\/\/blogs.correiobraziliense.com.br\/capital-sa\/wp-json\/wp\/v2\/tags?post=6472"}],"curies":[{"name":"wp","href":"https:\/\/api.w.org\/{rel}","templated":true}]}}