{"id":6458,"date":"2022-01-04T18:02:43","date_gmt":"2022-01-04T21:02:43","guid":{"rendered":"https:\/\/blogs.correiobraziliense.com.br\/capital-sa\/?p=6458"},"modified":"2022-01-10T17:13:34","modified_gmt":"2022-01-10T20:13:34","slug":"aumentam-em-16-resultados-positivos-para-covid-no-df","status":"publish","type":"post","link":"https:\/\/blogs.correiobraziliense.com.br\/capital-sa\/2022\/01\/04\/aumentam-em-16-resultados-positivos-para-covid-no-df\/","title":{"rendered":"Aumentam em 16% resultados positivos para covid no DF"},"content":{"rendered":"<p>Por Samanta Sallum<\/p>\n<p>Os casos positivos no DF para Covid-19 aumentaram em 16% e para influenza em 24%. Esse crescimento foi registrado na segunda quinzena de dezembro e persiste nestes primeiros dias de janeiro. O per\u00edodo refer\u00eancia da compara\u00e7\u00e3o \u00e9 o m\u00eas de novembro. Esses s\u00e3o dados do Sindicato dos Laborat\u00f3rios de Pesquisas e An\u00e1lises Cl\u00ednicas (Sindlab-DF). A m\u00e9dia de testes por m\u00eas na capital federal \u00e9 de 77 mil na rede particular.<\/p>\n<p>A entidade, que tem 210 laborat\u00f3rios privados associados, observou o aumento da procura por testes de Covid logo ap\u00f3s as festas de fim de ano.<\/p>\n<p class=\"p2\"><span class=\"s1\">Segundo o presidente do Sindlab-DF, Alexandre Bitencourt, algumas unidades particulares registram grandes filas.<\/span><\/p>\n<p class=\"p2\"><span class=\"s1\">\u201cPelos relatos que recebemos da nossa base de associados, houve um aumento de 50% em rela\u00e7\u00e3o ao n\u00famero normal de testes na primeira semana de dezembro do ano passado. \u00c9 muita coisa\u201d, contou.<\/span><\/p>\n","protected":false},"excerpt":{"rendered":"<p>Por Samanta Sallum Os casos positivos no DF para Covid-19 aumentaram em 16% e para influenza em 24%. Esse crescimento foi registrado na segunda quinzena de dezembro e persiste nestes primeiros dias de janeiro. O per\u00edodo refer\u00eancia da compara\u00e7\u00e3o \u00e9 o m\u00eas de novembro. Esses s\u00e3o dados do Sindicato dos Laborat\u00f3rios de Pesquisas e An\u00e1lises Cl\u00ednicas (Sindlab-DF). A m\u00e9dia de [&hellip;]<\/p>\n","protected":false},"author":125,"featured_media":0,"comment_status":"open","ping_status":"open","sticky":false,"template":"","format":"standard","meta":{"footnotes":""},"categories":[6],"tags":[702,703,682,701],"class_list":["post-6458","post","type-post","status-publish","format-standard","hentry","category-coluna-capital-s-a","tag-aumento","tag-casos","tag-covid","tag-teste"],"_links":{"self":[{"href":"https:\/\/blogs.correiobraziliense.com.br\/capital-sa\/wp-json\/wp\/v2\/posts\/6458","targetHints":{"allow":["GET"]}}],"collection":[{"href":"https:\/\/blogs.correiobraziliense.com.br\/capital-sa\/wp-json\/wp\/v2\/posts"}],"about":[{"href":"https:\/\/blogs.correiobraziliense.com.br\/capital-sa\/wp-json\/wp\/v2\/types\/post"}],"author":[{"embeddable":true,"href":"https:\/\/blogs.correiobraziliense.com.br\/capital-sa\/wp-json\/wp\/v2\/users\/125"}],"replies":[{"embeddable":true,"href":"https:\/\/blogs.correiobraziliense.com.br\/capital-sa\/wp-json\/wp\/v2\/comments?post=6458"}],"version-history":[{"count":13,"href":"https:\/\/blogs.correiobraziliense.com.br\/capital-sa\/wp-json\/wp\/v2\/posts\/6458\/revisions"}],"predecessor-version":[{"id":6534,"href":"https:\/\/blogs.correiobraziliense.com.br\/capital-sa\/wp-json\/wp\/v2\/posts\/6458\/revisions\/6534"}],"wp:attachment":[{"href":"https:\/\/blogs.correiobraziliense.com.br\/capital-sa\/wp-json\/wp\/v2\/media?parent=6458"}],"wp:term":[{"taxonomy":"category","embeddable":true,"href":"https:\/\/blogs.correiobraziliense.com.br\/capital-sa\/wp-json\/wp\/v2\/categories?post=6458"},{"taxonomy":"post_tag","embeddable":true,"href":"https:\/\/blogs.correiobraziliense.com.br\/capital-sa\/wp-json\/wp\/v2\/tags?post=6458"}],"curies":[{"name":"wp","href":"https:\/\/api.w.org\/{rel}","templated":true}]}}