{"id":6425,"date":"2021-12-29T14:24:38","date_gmt":"2021-12-29T17:24:38","guid":{"rendered":"https:\/\/blogs.correiobraziliense.com.br\/capital-sa\/?p=6425"},"modified":"2021-12-29T14:29:44","modified_gmt":"2021-12-29T17:29:44","slug":"gdf-vai-abrir-15-mil-vagas-para-concurso-publico-em-2022-veja-as-areas","status":"publish","type":"post","link":"https:\/\/blogs.correiobraziliense.com.br\/capital-sa\/2021\/12\/29\/gdf-vai-abrir-15-mil-vagas-para-concurso-publico-em-2022-veja-as-areas\/","title":{"rendered":"GDF vai abrir 15 mil vagas para concurso p\u00fablico em 2022. Veja as \u00e1reas"},"content":{"rendered":"<p class=\"p1\">Por Samanta Sallum<\/p>\n<p class=\"p1\"><span class=\"s1\">O novo Secret\u00e1rio de Economia do DF, Itamar Feitosa, em entrevista exclusiva hoje ao CB Poder, adiantou que ser\u00e3o abertas 5,5 mil vagas imediatas e 10,2 mil para cadastro de reserva em 2022. Est\u00e1 autorizada a realiza\u00e7\u00e3o de 28 concursos p\u00fablicos. Veja abaixo as \u00e1reas.<\/span><\/p>\n<p class=\"p1\"><span class=\"s1\">\u201cEst\u00e3o previstos investimentos com novos servidores, como forma de melhorar ainda mais a presta\u00e7\u00e3o de servi\u00e7os \u00e0 popula\u00e7\u00e3o do Distrito Federal. S\u00e3o 28 categorias profissionais, em \u00e1reas estrat\u00e9gicas do governo e tamb\u00e9m em setores da administra\u00e7\u00e3o p\u00fablica com deficit de servidores por conta de exonera\u00e7\u00f5es e aposentadorias\u201d, explicou o secret\u00e1rio.<\/span><\/p>\n<p>Feitosa, que era secret\u00e1rio executivo de Or\u00e7amento do DF, assumiu h\u00e1 uma semana o lugar de Andr\u00e9 Clemente que virou Conselheiro do Tribunal de Contas.<\/p>\n<p>Lista dos 28 concursos autorizados:<\/p>\n<p class=\"p1\"><span class=\"s1\">&#8211; Execu\u00e7\u00f5es Penais<\/span><\/p>\n<p class=\"p1\"><span class=\"s1\">&#8211; Pol\u00edticas P\u00fablicas e Gest\u00e3o Governamental<\/span><\/p>\n<p class=\"p1\"><span class=\"s1\">&#8211; Apoio \u00e0s Atividades Policiais Civis<\/span><\/p>\n<p class=\"p1\"><span class=\"s1\">&#8211; Assist\u00eancia P\u00fablica \u00e0 Sa\u00fade<\/span><\/p>\n<p class=\"p1\"><span class=\"s1\">&#8211; Atividade de Defesa do Consumidor<\/span><\/p>\n<p class=\"p1\"><span class=\"s1\">&#8211; Atividades do Tr\u00e2nsito &#8211; T\u00e9cnico e Analista<\/span><\/p>\n<p class=\"p1\"><span class=\"s1\">&#8211; Auditoria de Atividades Urbanas<\/span><\/p>\n<p class=\"p1\"><span class=\"s1\">&#8211; Cirurgi\u00e3o-Dentista<\/span><\/p>\n<p class=\"p1\"><span class=\"s1\">&#8211; Desenv. e Fiscaliza\u00e7\u00e3o Agropecu\u00e1ria<\/span><\/p>\n<p class=\"p1\"><span class=\"s1\">&#8211; Enfermeiro<\/span><\/p>\n<p class=\"p1\"><span class=\"s1\">&#8211; Gest\u00e3o de Res\u00edduos S\u00f3lidos<\/span><\/p>\n<p class=\"p1\"><span class=\"s1\">&#8211; M\u00e9dico<\/span><\/p>\n<p class=\"p1\"><span class=\"s1\">&#8211; Planejamento Urbano e Infraestrutura<\/span><\/p>\n<p class=\"p1\"><span class=\"s1\">&#8211; Assist\u00eancia \u00e0 Educa\u00e7\u00e3o<\/span><\/p>\n<p class=\"p1\"><span class=\"s1\">&#8211; Magist\u00e9rio<\/span><\/p>\n<p class=\"p1\"><span class=\"s1\">&#8211; Auditoria de Controle Interno<\/span><\/p>\n<p class=\"p1\"><span class=\"s1\">&#8211; Carreira T\u00e9cnica em Enfermagem<\/span><\/p>\n<p class=\"p1\"><span class=\"s1\">&#8211; Delegado da PCDF<\/span><\/p>\n<p class=\"p1\"><span class=\"s1\">&#8211; Pol\u00edcia Militar, soldado<\/span><\/p>\n<p class=\"p1\"><span class=\"s1\">&#8211; Pol\u00edcia Militar, Oficiais do Quadro de Sa\u00fade <\/span><\/p>\n<p class=\"p1\"><span class=\"s1\">&#8211; Agente Policial de Cust\u00f3dia da PCDF<\/span><\/p>\n<p class=\"p1\"><span class=\"s1\">&#8211; Auditoria Fiscal da Receita<\/span><\/p>\n<p class=\"p1\"><span class=\"s1\">&#8211; Agente de Pol\u00edcia<\/span><\/p>\n<p class=\"p1\"><span class=\"s1\">&#8211; Escriv\u00e3o de Pol\u00edcia<\/span><\/p>\n<p class=\"p1\"><span class=\"s1\">&#8211; Regula\u00e7\u00e3o de Servi\u00e7os P\u00fablicos <\/span><\/p>\n<p class=\"p1\"><span class=\"s1\">&#8211; Apoio \u00e0s Atividades Jur\u00eddicas<\/span><\/p>\n<p class=\"p1\"><span class=\"s1\">&#8211; Procurador do DF<\/span><\/p>\n<p class=\"p1\"><span class=\"s1\">&#8211; Vigil\u00e2ncia Ambiental<span class=\"Apple-converted-space\">\u00a0 <\/span>e Aten\u00e7\u00e3o Comunit\u00e1ria \u00e0 Sa\u00fade<\/span><\/p>\n","protected":false},"excerpt":{"rendered":"<p>Por Samanta Sallum O novo Secret\u00e1rio de Economia do DF, Itamar Feitosa, em entrevista exclusiva hoje ao CB Poder, adiantou que ser\u00e3o abertas 5,5 mil vagas imediatas e 10,2 mil para cadastro de reserva em 2022. Est\u00e1 autorizada a realiza\u00e7\u00e3o de 28 concursos p\u00fablicos. Veja abaixo as \u00e1reas. \u201cEst\u00e3o previstos investimentos com novos servidores, como forma de melhorar ainda mais [&hellip;]<\/p>\n","protected":false},"author":125,"featured_media":0,"comment_status":"open","ping_status":"open","sticky":false,"template":"","format":"standard","meta":{"footnotes":""},"categories":[6],"tags":[],"class_list":["post-6425","post","type-post","status-publish","format-standard","hentry","category-coluna-capital-s-a"],"_links":{"self":[{"href":"https:\/\/blogs.correiobraziliense.com.br\/capital-sa\/wp-json\/wp\/v2\/posts\/6425","targetHints":{"allow":["GET"]}}],"collection":[{"href":"https:\/\/blogs.correiobraziliense.com.br\/capital-sa\/wp-json\/wp\/v2\/posts"}],"about":[{"href":"https:\/\/blogs.correiobraziliense.com.br\/capital-sa\/wp-json\/wp\/v2\/types\/post"}],"author":[{"embeddable":true,"href":"https:\/\/blogs.correiobraziliense.com.br\/capital-sa\/wp-json\/wp\/v2\/users\/125"}],"replies":[{"embeddable":true,"href":"https:\/\/blogs.correiobraziliense.com.br\/capital-sa\/wp-json\/wp\/v2\/comments?post=6425"}],"version-history":[{"count":5,"href":"https:\/\/blogs.correiobraziliense.com.br\/capital-sa\/wp-json\/wp\/v2\/posts\/6425\/revisions"}],"predecessor-version":[{"id":6431,"href":"https:\/\/blogs.correiobraziliense.com.br\/capital-sa\/wp-json\/wp\/v2\/posts\/6425\/revisions\/6431"}],"wp:attachment":[{"href":"https:\/\/blogs.correiobraziliense.com.br\/capital-sa\/wp-json\/wp\/v2\/media?parent=6425"}],"wp:term":[{"taxonomy":"category","embeddable":true,"href":"https:\/\/blogs.correiobraziliense.com.br\/capital-sa\/wp-json\/wp\/v2\/categories?post=6425"},{"taxonomy":"post_tag","embeddable":true,"href":"https:\/\/blogs.correiobraziliense.com.br\/capital-sa\/wp-json\/wp\/v2\/tags?post=6425"}],"curies":[{"name":"wp","href":"https:\/\/api.w.org\/{rel}","templated":true}]}}