{"id":6398,"date":"2021-12-29T09:05:31","date_gmt":"2021-12-29T12:05:31","guid":{"rendered":"https:\/\/blogs.correiobraziliense.com.br\/capital-sa\/?p=6398"},"modified":"2021-12-29T12:03:11","modified_gmt":"2021-12-29T15:03:11","slug":"stf-julga-constitucional-lei-do-df-que-perdoa-dividas-de-icms","status":"publish","type":"post","link":"https:\/\/blogs.correiobraziliense.com.br\/capital-sa\/2021\/12\/29\/stf-julga-constitucional-lei-do-df-que-perdoa-dividas-de-icms\/","title":{"rendered":"STF julga constitucional lei do DF que perdoa d\u00edvidas de ICMS"},"content":{"rendered":"<div class=\"gmail_quote\">\n<p>Por Samanta Sallum.<\/p>\n<\/div>\n<div>\n<p><span style=\"font-size: large\">O Supremo\u00a0julgou constitucional a possibilidade de que os estados e o Distrito Federal perdoem d\u00edvidas tribut\u00e1rias decorrentes de benef\u00edcios fiscais, implementados na chamada guerra fiscal do ICMS, mesmo que, posteriormente, tenham sido declarados inconstitucionais. A decis\u00e3o ocorreu na sess\u00e3o do dia 17 de dezembro.<\/span><\/p>\n<p><span style=\"font-size: large\">O recurso foi interposto pelo Minist\u00e9rio P\u00fablico do DF contra ac\u00f3rd\u00e3o do TJDFT que tinha julgado v\u00e1lida a Lei Distrital 4.732\/2011. A norma perdoou cr\u00e9ditos de ICMS originados da Lei Distrital 2.483\/1999. Esta, sim, considerada inconstitucional pelo STF.<br \/>\n<\/span><\/p>\n<\/div>\n<div class=\"gmail_quote\"><span style=\"font-size: large\">\u00a0<\/span><b>Diverg\u00eancia com o MP<\/b><\/div>\n<div class=\"gmail_quote\"><span style=\"font-size: large\"><br \/>\nAs leis, que concediam os benef\u00edcios fiscais, foram declaradas inconstitucionais porque nesse caso n\u00e3o tiveram a aprova\u00e7\u00e3o pr\u00e9via dos demais estados, como exigido pela Constitui\u00e7\u00e3o Federal.\u00a0<\/span>Para o MPDFT, o perd\u00e3o da d\u00edvida tribut\u00e1ria significa fraude praticada por meio de lei, convalidando os benef\u00edcios declarados inconstitucionais.<\/div>\n<div><\/div>\n<div><\/div>\n<div><\/div>\n<div><\/div>\n<div><\/div>\n<div class=\"gmail_quote\"><\/div>\n<div class=\"gmail_quote\"><span style=\"font-size: large\"><b>Autoriza\u00e7\u00e3o do Confaz<\/b><\/span><\/div>\n<div class=\"gmail_quote\"><span style=\"font-size: large\">\u00a0<\/span><\/div>\n<div class=\"gmail_quote\"><span style=\"font-size: large\">Em seu voto, o ministro Lu\u00eds Roberto Barroso, relator do processo, observou que, ap\u00f3s as declara\u00e7\u00f5es de inconstitucionalidade das leis anteriores, o Conselho Nacional de Pol\u00edtica Fazend\u00e1ria (Confaz) autorizou, em dezembro de 2011, que o Distrito Federal suspendesse a exigibilidade dos cr\u00e9ditos de ICMS oriundos da diferen\u00e7a entre o regime normal de apura\u00e7\u00e3o e os benef\u00edcios fiscais, permitindo a remiss\u00e3o desses cr\u00e9ditos tribut\u00e1rios.<\/span><\/div>\n<div class=\"gmail_quote\"><span style=\"font-size: large\"><br \/>\n<b>Seguran\u00e7a jur\u00eddica<\/b><\/span><\/div>\n<div class=\"gmail_quote\"><span style=\"font-size: large\"><br \/>\nBarroso salientou que a Lei 4.732\/2011 resguarda a seguran\u00e7a jur\u00eddica de contribuintes que se instalaram no Distrito Federal, usufruindo de benef\u00edcios fiscais concedidos por meio de lei aprovada pela C\u00e2mara Distrital. \u201c\u00c9 constitucional a lei<\/span> <span style=\"font-size: large\"><span style=\"font-size: large\">estadual ou distrital que, com amparo em conv\u00eanio do Confaz, conceda\u00a0<\/span><\/span><span style=\"font-size: large\">remiss\u00e3o de cr\u00e9ditos de ICMS oriundos de benef\u00edcios\u00a0fiscais anteriormente julgados inconstitucionais.\u201d<\/span><\/div>\n<div><\/div>\n<div><\/div>\n","protected":false},"excerpt":{"rendered":"<p>Por Samanta Sallum. O Supremo\u00a0julgou constitucional a possibilidade de que os estados e o Distrito Federal perdoem d\u00edvidas tribut\u00e1rias decorrentes de benef\u00edcios fiscais, implementados na chamada guerra fiscal do ICMS, mesmo que, posteriormente, tenham sido declarados inconstitucionais. A decis\u00e3o ocorreu na sess\u00e3o do dia 17 de dezembro. O recurso foi interposto pelo Minist\u00e9rio P\u00fablico do DF contra ac\u00f3rd\u00e3o do TJDFT [&hellip;]<\/p>\n","protected":false},"author":125,"featured_media":6403,"comment_status":"open","ping_status":"open","sticky":false,"template":"","format":"standard","meta":{"footnotes":""},"categories":[6],"tags":[687,686],"class_list":["post-6398","post","type-post","status-publish","format-standard","has-post-thumbnail","hentry","category-coluna-capital-s-a","tag-dividas","tag-lei-inconstitucional-icms-stf"],"_links":{"self":[{"href":"https:\/\/blogs.correiobraziliense.com.br\/capital-sa\/wp-json\/wp\/v2\/posts\/6398","targetHints":{"allow":["GET"]}}],"collection":[{"href":"https:\/\/blogs.correiobraziliense.com.br\/capital-sa\/wp-json\/wp\/v2\/posts"}],"about":[{"href":"https:\/\/blogs.correiobraziliense.com.br\/capital-sa\/wp-json\/wp\/v2\/types\/post"}],"author":[{"embeddable":true,"href":"https:\/\/blogs.correiobraziliense.com.br\/capital-sa\/wp-json\/wp\/v2\/users\/125"}],"replies":[{"embeddable":true,"href":"https:\/\/blogs.correiobraziliense.com.br\/capital-sa\/wp-json\/wp\/v2\/comments?post=6398"}],"version-history":[{"count":24,"href":"https:\/\/blogs.correiobraziliense.com.br\/capital-sa\/wp-json\/wp\/v2\/posts\/6398\/revisions"}],"predecessor-version":[{"id":6424,"href":"https:\/\/blogs.correiobraziliense.com.br\/capital-sa\/wp-json\/wp\/v2\/posts\/6398\/revisions\/6424"}],"wp:featuredmedia":[{"embeddable":true,"href":"https:\/\/blogs.correiobraziliense.com.br\/capital-sa\/wp-json\/wp\/v2\/media\/6403"}],"wp:attachment":[{"href":"https:\/\/blogs.correiobraziliense.com.br\/capital-sa\/wp-json\/wp\/v2\/media?parent=6398"}],"wp:term":[{"taxonomy":"category","embeddable":true,"href":"https:\/\/blogs.correiobraziliense.com.br\/capital-sa\/wp-json\/wp\/v2\/categories?post=6398"},{"taxonomy":"post_tag","embeddable":true,"href":"https:\/\/blogs.correiobraziliense.com.br\/capital-sa\/wp-json\/wp\/v2\/tags?post=6398"}],"curies":[{"name":"wp","href":"https:\/\/api.w.org\/{rel}","templated":true}]}}