{"id":6383,"date":"2021-12-28T11:09:41","date_gmt":"2021-12-28T14:09:41","guid":{"rendered":"https:\/\/blogs.correiobraziliense.com.br\/capital-sa\/?p=6383"},"modified":"2021-12-29T10:49:31","modified_gmt":"2021-12-29T13:49:31","slug":"novo-refis-e-reducao-de-itbi-entram-em-vigor-em-janeiro","status":"publish","type":"post","link":"https:\/\/blogs.correiobraziliense.com.br\/capital-sa\/2021\/12\/28\/novo-refis-e-reducao-de-itbi-entram-em-vigor-em-janeiro\/","title":{"rendered":"Novo Refis e redu\u00e7\u00e3o de ITBI  entram em vigor em janeiro"},"content":{"rendered":"<div><span style=\"font-size: large\">Por Samanta Sallum <\/span><\/div>\n<div><span style=\"font-size: large\">\u00a0<\/span><\/div>\n<div>\n<blockquote><p>Nos\u00a0pr\u00f3ximos dias, ser\u00e3o sancionadas pelo governador Ibaneis Rocha duas leis que geraram grande expectativa para o setor produtivo no DF e tamb\u00e9m pelos contribuintes de maneira geral: o Refis da pandemia e a redu\u00e7\u00e3o do ITBI para 1% por 90 dias. A reda\u00e7\u00e3o final das medidas aprovadas pelos deputados distritais, no encerramento do ano legislativo, foi enviada ao Pal\u00e1cio do Buriti.<\/p><\/blockquote>\n<\/div>\n<div><\/div>\n<div>\n<p>A previs\u00e3o, conforme consta nos projetos, \u00e9 que entrem em vigor a partir de janeiro. O prazo de ades\u00e3o para a renegocia\u00e7\u00e3o de d\u00edvidas tribut\u00e1rias com o GDF vai at\u00e9 <a href=\"\/\/0\">31 de mar\u00e7o<\/a>.<\/p>\n<\/div>\n<div><\/div>\n<div>\n<p>J\u00e1 a Luos continua sendo um impasse entre o GDF e os deputados distritais. N\u00e3o foi poss\u00edvel ser votada este ano apesar dos apelos de diversos segmentos da economia local e da pr\u00f3pria Secretaria de Desenvolvimento Urbano e Habitacional que elaborou o projeto.<\/p>\n<\/div>\n<div><\/div>\n<div><b>Emenda de Prudente<\/b><\/div>\n<div><b>na procuradoria\u00a0<\/b><\/div>\n<div><\/div>\n<div><\/div>\n<div><\/div>\n<div>\n<p>Uma emenda do deputado Rafael Prudente (MDB), que \u00e9 o presidente da C\u00e2mara, pode atrasar um pouco a san\u00e7\u00e3o da lei que reabre o Refis no DF.\u00a0 Ela est\u00e1 sendo analisada pela Procuradoria do DF. A Secretaria de Economia se posicionou pelo veto \u00e0 emenda, porque a medida precisa seguir legisla\u00e7\u00e3o espec\u00edfica que trata da mat\u00e9ria, ou seja, seguir rito pr\u00f3prio.<\/p>\n<p class=\"p1\">A emenda autoriza o GDF a realizar acordo de transa\u00e7\u00e3o judicial ou extrajudicial. Ou seja, se o governo local deve algo a uma empresa ou pessoa f\u00edsica, o contribuinte poderia usar esse cr\u00e9dito para abater da sua d\u00edvida.<\/p>\n<\/div>\n<div>\n<p><span style=\"font-size: large\">\u00a0<\/span><b>Troca de gabinetes<\/b><\/p>\n<p>&nbsp;<\/p>\n<\/div>\n<div><\/div>\n<div><\/div>\n<div><\/div>\n<div><\/div>\n<div>\n<p>A miss\u00e3o agora de executar as leis ser\u00e1 do novo secret\u00e1rio de Economia do DF, Itamar Feitosa.\u00a0Ele assumiu a fun\u00e7\u00e3o depois que Andr\u00e9 Clemente tomou posse na quinta-feira passada como conselheiro do Tribunal de Contas do DF. Feitosa era secret\u00e1rio executivo de Or\u00e7amento da pasta.<\/p>\n<\/div>\n<div><\/div>\n<div><\/div>\n<div>Clemente vai ainda formar a sua equipe no TCDF. Adiantou que vai valorizar os servidores da casa, mas que n\u00e3o descarta a possibilidade de levar algum integrante de sua equipe na Economia para seu novo gabinete.<\/div>\n","protected":false},"excerpt":{"rendered":"<p>Por Samanta Sallum \u00a0 Nos\u00a0pr\u00f3ximos dias, ser\u00e3o sancionadas pelo governador Ibaneis Rocha duas leis que geraram grande expectativa para o setor produtivo no DF e tamb\u00e9m pelos contribuintes de maneira geral: o Refis da pandemia e a redu\u00e7\u00e3o do ITBI para 1% por 90 dias. A reda\u00e7\u00e3o final das medidas aprovadas pelos deputados distritais, no encerramento do ano legislativo, foi [&hellip;]<\/p>\n","protected":false},"author":125,"featured_media":6389,"comment_status":"open","ping_status":"open","sticky":false,"template":"","format":"standard","meta":{"footnotes":""},"categories":[6],"tags":[689,687,203,688,624,14],"class_list":["post-6383","post","type-post","status-publish","format-standard","has-post-thumbnail","hentry","category-coluna-capital-s-a","tag-aprovar","tag-dividas","tag-gdf","tag-leis","tag-luos","tag-refis"],"_links":{"self":[{"href":"https:\/\/blogs.correiobraziliense.com.br\/capital-sa\/wp-json\/wp\/v2\/posts\/6383","targetHints":{"allow":["GET"]}}],"collection":[{"href":"https:\/\/blogs.correiobraziliense.com.br\/capital-sa\/wp-json\/wp\/v2\/posts"}],"about":[{"href":"https:\/\/blogs.correiobraziliense.com.br\/capital-sa\/wp-json\/wp\/v2\/types\/post"}],"author":[{"embeddable":true,"href":"https:\/\/blogs.correiobraziliense.com.br\/capital-sa\/wp-json\/wp\/v2\/users\/125"}],"replies":[{"embeddable":true,"href":"https:\/\/blogs.correiobraziliense.com.br\/capital-sa\/wp-json\/wp\/v2\/comments?post=6383"}],"version-history":[{"count":14,"href":"https:\/\/blogs.correiobraziliense.com.br\/capital-sa\/wp-json\/wp\/v2\/posts\/6383\/revisions"}],"predecessor-version":[{"id":6423,"href":"https:\/\/blogs.correiobraziliense.com.br\/capital-sa\/wp-json\/wp\/v2\/posts\/6383\/revisions\/6423"}],"wp:featuredmedia":[{"embeddable":true,"href":"https:\/\/blogs.correiobraziliense.com.br\/capital-sa\/wp-json\/wp\/v2\/media\/6389"}],"wp:attachment":[{"href":"https:\/\/blogs.correiobraziliense.com.br\/capital-sa\/wp-json\/wp\/v2\/media?parent=6383"}],"wp:term":[{"taxonomy":"category","embeddable":true,"href":"https:\/\/blogs.correiobraziliense.com.br\/capital-sa\/wp-json\/wp\/v2\/categories?post=6383"},{"taxonomy":"post_tag","embeddable":true,"href":"https:\/\/blogs.correiobraziliense.com.br\/capital-sa\/wp-json\/wp\/v2\/tags?post=6383"}],"curies":[{"name":"wp","href":"https:\/\/api.w.org\/{rel}","templated":true}]}}