{"id":6364,"date":"2021-12-27T08:00:37","date_gmt":"2021-12-27T11:00:37","guid":{"rendered":"https:\/\/blogs.correiobraziliense.com.br\/capital-sa\/?p=6364"},"modified":"2021-12-27T22:20:59","modified_gmt":"2021-12-28T01:20:59","slug":"aumenta-demanda-por-descontaminacao-de-ar-para-combater-a-covid","status":"publish","type":"post","link":"https:\/\/blogs.correiobraziliense.com.br\/capital-sa\/2021\/12\/27\/aumenta-demanda-por-descontaminacao-de-ar-para-combater-a-covid\/","title":{"rendered":"Aumenta demanda por descontamina\u00e7\u00e3o de ar para combater Covid"},"content":{"rendered":"<p>Por Samanta Sallum<\/p>\n<p>A Ecoquest, l\u00edder do mercado em descontamina\u00e7\u00e3o de ar, cresceu 35% neste ano em faturamento em rela\u00e7\u00e3o a 2020. A\u00a0empresa tratou o ar, de forma permanente, e contra a Covid-19, em mais de 1,5 milh\u00e3o de metros quadrados de espa\u00e7os comerciais no pa\u00eds somente em 2021.<\/p>\n<p>A previs\u00e3o para ano que vem \u00e9 de, no m\u00ednimo, manter o mesmo ritmo de expans\u00e3o. Em 2020, com a pandemia, registrou crescimento de 200%.<\/p>\n<p class=\"p1\">Cerca de 90% do trabalho de desinfec\u00e7\u00e3o em 2021 foi realizado em escrit\u00f3rios corporativos.<\/p>\n<blockquote>\n<p class=\"p1\"><span class=\"s1\">\u201cO aumento da demanda se deve, sobretudo, ao retorno dos colaboradores ao trabalho presencial\u201d, explica Henrique Cury, presidente da Ecoquest.<\/span><\/p>\n<\/blockquote>\n<p class=\"p1\"><span class=\"s1\"><b>Hospital de Samambaia\u00a0<\/b><\/span><\/p>\n<p class=\"p1\"><span class=\"s1\">No DF, a Ecoquest instalou o equipamento com a tecnologia Active Pure\/IRC para manuten\u00e7\u00e3o da qualidade do ar do sistema de dutos no Hospital Regional de Samambaia. E, no come\u00e7o de 2022, tratar\u00e1 o ar interno de um pr\u00e9dio comercial de um dos principais bancos privados do pa\u00eds.<\/span><\/p>\n","protected":false},"excerpt":{"rendered":"<p>Por Samanta Sallum A Ecoquest, l\u00edder do mercado em descontamina\u00e7\u00e3o de ar, cresceu 35% neste ano em faturamento em rela\u00e7\u00e3o a 2020. A\u00a0empresa tratou o ar, de forma permanente, e contra a Covid-19, em mais de 1,5 milh\u00e3o de metros quadrados de espa\u00e7os comerciais no pa\u00eds somente em 2021. A previs\u00e3o para ano que vem \u00e9 de, no m\u00ednimo, manter [&hellip;]<\/p>\n","protected":false},"author":125,"featured_media":6369,"comment_status":"open","ping_status":"open","sticky":false,"template":"","format":"standard","meta":{"footnotes":""},"categories":[6],"tags":[684,682,681,685],"class_list":["post-6364","post","type-post","status-publish","format-standard","has-post-thumbnail","hentry","category-coluna-capital-s-a","tag-ar","tag-covid","tag-ecoquest","tag-limpeza"],"_links":{"self":[{"href":"https:\/\/blogs.correiobraziliense.com.br\/capital-sa\/wp-json\/wp\/v2\/posts\/6364","targetHints":{"allow":["GET"]}}],"collection":[{"href":"https:\/\/blogs.correiobraziliense.com.br\/capital-sa\/wp-json\/wp\/v2\/posts"}],"about":[{"href":"https:\/\/blogs.correiobraziliense.com.br\/capital-sa\/wp-json\/wp\/v2\/types\/post"}],"author":[{"embeddable":true,"href":"https:\/\/blogs.correiobraziliense.com.br\/capital-sa\/wp-json\/wp\/v2\/users\/125"}],"replies":[{"embeddable":true,"href":"https:\/\/blogs.correiobraziliense.com.br\/capital-sa\/wp-json\/wp\/v2\/comments?post=6364"}],"version-history":[{"count":7,"href":"https:\/\/blogs.correiobraziliense.com.br\/capital-sa\/wp-json\/wp\/v2\/posts\/6364\/revisions"}],"predecessor-version":[{"id":6382,"href":"https:\/\/blogs.correiobraziliense.com.br\/capital-sa\/wp-json\/wp\/v2\/posts\/6364\/revisions\/6382"}],"wp:featuredmedia":[{"embeddable":true,"href":"https:\/\/blogs.correiobraziliense.com.br\/capital-sa\/wp-json\/wp\/v2\/media\/6369"}],"wp:attachment":[{"href":"https:\/\/blogs.correiobraziliense.com.br\/capital-sa\/wp-json\/wp\/v2\/media?parent=6364"}],"wp:term":[{"taxonomy":"category","embeddable":true,"href":"https:\/\/blogs.correiobraziliense.com.br\/capital-sa\/wp-json\/wp\/v2\/categories?post=6364"},{"taxonomy":"post_tag","embeddable":true,"href":"https:\/\/blogs.correiobraziliense.com.br\/capital-sa\/wp-json\/wp\/v2\/tags?post=6364"}],"curies":[{"name":"wp","href":"https:\/\/api.w.org\/{rel}","templated":true}]}}