{"id":6332,"date":"2021-12-22T07:00:14","date_gmt":"2021-12-22T10:00:14","guid":{"rendered":"https:\/\/blogs.correiobraziliense.com.br\/capital-sa\/?p=6332"},"modified":"2021-12-22T10:01:06","modified_gmt":"2021-12-22T13:01:06","slug":"iphan-da-parecer-contra-vlt-na-w3-em-projeto-do-ppcub","status":"publish","type":"post","link":"https:\/\/blogs.correiobraziliense.com.br\/capital-sa\/2021\/12\/22\/iphan-da-parecer-contra-vlt-na-w3-em-projeto-do-ppcub\/","title":{"rendered":"Iphan d\u00e1 parecer contra VLT na W3 em projeto do PPCUB"},"content":{"rendered":"<div>Por Samanta Sallum<\/div>\n<div><span style=\"font-size: large\">\u00a0<\/span><\/div>\n<div>\n<p><span style=\"font-size: large\">O GDF vai poder avan\u00e7ar com o Plano de Preserva\u00e7\u00e3o do Conjunto Urban\u00edstico de Bras\u00edlia\u00a0(PPCUB). O Iphan, que \u00e9 um \u00f3rg\u00e3o federal, entregou ontem parecer t\u00e9cnico \u00e0 proposta feita pela Secretaria de Desenvolvimento Urbano. De forma geral, aprovou a minuta do Projeto de Lei, que chega a 1 mil p\u00e1ginas, devido \u00e0 grande quantidade de mapas. Mas\u00a0se posicionou contra o Ve\u00edculo Leve sobre Trilhos (VLT) na W3 por considerar que a rede de fia\u00e7\u00e3o a\u00e9rea vai ferir\u00a0o tombamento.<\/span><\/p>\n<p><span style=\"font-size: large\">Tamb\u00e9m apontou restri\u00e7\u00e3o a novo perfil comercial da \u00e1rea do Aut\u00f3dromo Internacional de Bras\u00edlia para concess\u00e3o ao setor privado e \u00e0 altura dos pr\u00e9dios na Quadra 901 da Asa Norte. Al\u00e9m disso, manteve-se desfavor\u00e1vel ao uso do Setor Comercial Sul para moradia.\u00a0<\/span><\/p>\n<\/div>\n<div><span style=\"font-size: large\">\u00a0<\/span><\/div>\n<div><span style=\"font-size: large\">\u00a0<\/span><b>Audi\u00eancia P\u00fablica\u00a0<\/b><\/div>\n<div><\/div>\n<div>O PPCUB definir\u00e1 as regras de uso e ocupa\u00e7\u00e3o da \u00e1rea tombada na capital federal, que \u00e9 Patrim\u00f4nio Cultural da Humanidade. O projeto, que \u00e9 esperado h\u00e1 10 anos, seguir\u00e1 para a C\u00e2mara Legislativa.<\/div>\n<div>\n<p class=\"p1\"><span class=\"s1\">Antes, o GDF vai convocar audi\u00eancia p\u00fablica para mar\u00e7o. E, em seguida, ser\u00e1 analisado pelo Conplan para, at\u00e9 o fim de abril, ser entregue oficialmente \u00e0 aprecia\u00e7\u00e3o dos deputados distritais.<\/span><span class=\"s2\">\u00a0Esse processo \u00e9 acompanhado de perto pelo Instituto de Patrim\u00f4nio Hist\u00f3rico e Art\u00edstico Nacional, o Iphan.\u00a0<\/span><\/p>\n<p class=\"p1\"><span style=\"font-size: large\">\u201cQuero ressaltar a parceria com o Iphan e o fato de termos avan\u00e7ado nesses tr\u00eas anos como nunca t\u00ednhamos avan\u00e7ado antes\u201d, disse o secret\u00e1rio de Desenvolvimento Urbano, Mateus Oliveira.<\/span><\/p>\n<p><span style=\"font-size: medium\">\u201cCom\u00a0<\/span><span style=\"font-size: large\">muita habilidade, criamos essa sinergia entre o Iphan e o GDF. Conseguimos derrubar barreiras\u201d, comentou o superintendente do \u00f3rg\u00e3o Saulo Diniz. \u201cSempre digo que antes de Bras\u00edlia ser tombada pelo Iphan, foi tombada pelo GDF. Ent\u00e3o, a responsabilidade \u00e9 de ambos\u201d, completou.<br \/>\n<\/span><\/p>\n<p><span style=\"font-size: large\">O presidente da Comiss\u00e3o de Assuntos Fundi\u00e1rios (CAF) da CLDF, deputado Cl\u00e1udio Abrantes, participou do encontro. A entrega oficial do parecer do Iphan foi no Pal\u00e1cio do Buriti e teve a presen\u00e7a do governador Ibaneis Rocha, que conduziu a reuni\u00e3o.<\/span><\/p>\n<p><span style=\"font-size: large\">\u00b4\u00b4O PPCUB tem grande import\u00e2ncia para o DF e por isso estamos juntos nessa miss\u00e3o de aprovar a lei\u00b4\u00b4, frisou.<\/span><\/p>\n<\/div>\n","protected":false},"excerpt":{"rendered":"<p>Por Samanta Sallum \u00a0 O GDF vai poder avan\u00e7ar com o Plano de Preserva\u00e7\u00e3o do Conjunto Urban\u00edstico de Bras\u00edlia\u00a0(PPCUB). O Iphan, que \u00e9 um \u00f3rg\u00e3o federal, entregou ontem parecer t\u00e9cnico \u00e0 proposta feita pela Secretaria de Desenvolvimento Urbano. De forma geral, aprovou a minuta do Projeto de Lei, que chega a 1 mil p\u00e1ginas, devido \u00e0 grande quantidade de mapas. [&hellip;]<\/p>\n","protected":false},"author":125,"featured_media":6343,"comment_status":"open","ping_status":"open","sticky":false,"template":"","format":"standard","meta":{"footnotes":""},"categories":[6],"tags":[673,674,203,566,568,68],"class_list":["post-6332","post","type-post","status-publish","format-standard","has-post-thumbnail","hentry","category-coluna-capital-s-a","tag-caf","tag-desenvolvimentourbano","tag-gdf","tag-iphan","tag-ppcub","tag-w3"],"_links":{"self":[{"href":"https:\/\/blogs.correiobraziliense.com.br\/capital-sa\/wp-json\/wp\/v2\/posts\/6332","targetHints":{"allow":["GET"]}}],"collection":[{"href":"https:\/\/blogs.correiobraziliense.com.br\/capital-sa\/wp-json\/wp\/v2\/posts"}],"about":[{"href":"https:\/\/blogs.correiobraziliense.com.br\/capital-sa\/wp-json\/wp\/v2\/types\/post"}],"author":[{"embeddable":true,"href":"https:\/\/blogs.correiobraziliense.com.br\/capital-sa\/wp-json\/wp\/v2\/users\/125"}],"replies":[{"embeddable":true,"href":"https:\/\/blogs.correiobraziliense.com.br\/capital-sa\/wp-json\/wp\/v2\/comments?post=6332"}],"version-history":[{"count":19,"href":"https:\/\/blogs.correiobraziliense.com.br\/capital-sa\/wp-json\/wp\/v2\/posts\/6332\/revisions"}],"predecessor-version":[{"id":6353,"href":"https:\/\/blogs.correiobraziliense.com.br\/capital-sa\/wp-json\/wp\/v2\/posts\/6332\/revisions\/6353"}],"wp:featuredmedia":[{"embeddable":true,"href":"https:\/\/blogs.correiobraziliense.com.br\/capital-sa\/wp-json\/wp\/v2\/media\/6343"}],"wp:attachment":[{"href":"https:\/\/blogs.correiobraziliense.com.br\/capital-sa\/wp-json\/wp\/v2\/media?parent=6332"}],"wp:term":[{"taxonomy":"category","embeddable":true,"href":"https:\/\/blogs.correiobraziliense.com.br\/capital-sa\/wp-json\/wp\/v2\/categories?post=6332"},{"taxonomy":"post_tag","embeddable":true,"href":"https:\/\/blogs.correiobraziliense.com.br\/capital-sa\/wp-json\/wp\/v2\/tags?post=6332"}],"curies":[{"name":"wp","href":"https:\/\/api.w.org\/{rel}","templated":true}]}}