{"id":6282,"date":"2021-12-21T07:00:46","date_gmt":"2021-12-21T10:00:46","guid":{"rendered":"https:\/\/blogs.correiobraziliense.com.br\/capital-sa\/?p=6282"},"modified":"2021-12-21T18:11:50","modified_gmt":"2021-12-21T21:11:50","slug":"ninguem-quer-comprar-o-campeonato-brasileiro-dispara-zico","status":"publish","type":"post","link":"https:\/\/blogs.correiobraziliense.com.br\/capital-sa\/2021\/12\/21\/ninguem-quer-comprar-o-campeonato-brasileiro-dispara-zico\/","title":{"rendered":"\u201cNingu\u00e9m quer comprar o campeonato brasileiro\u201d, dispara Zico"},"content":{"rendered":"<div>Por Samanta Sallum<\/div>\n<div><\/div>\n<div><em><br \/>\nEm entrevista exclusiva ao <b>Correio<\/b> na capital, o maior \u00eddolo da hist\u00f3ria do Flamengo critica a dificuldade para assistir a um jogo do Brasileir\u00e3o no exterior, o calend\u00e1rio da CBF e cita o caso de Gabigol \u2014 que s\u00f3 entrou em campo na d\u00e9cima rodada<br \/>\n<\/em><\/div>\n<div><em>\u00a0<\/em><\/div>\n<div><\/div>\n<div><\/div>\n<div>\n<p>Rec\u00e9m-chegado ao Brasil da sua \u00faltima temporada no Jap\u00e3o, Arthur Antunes Coimbra, o Zico, fez, ontem, uma passagem rel\u00e2mpago por Bras\u00edlia. Em entrevista exclusiva ao <b>Correio Braziliense<\/b>, criticou o que chamou de &#8220;desorganiza\u00e7\u00e3o&#8221; da CBF por n\u00e3o interromper o Campeonato Brasileiro nas Eliminat\u00f3rias para a Copa do Mundo.<\/p>\n<\/div>\n<div><\/div>\n<div><\/div>\n<div>\n<p>Segundo o craque, os times nacionais s\u00e3o muito prejudicados por terem de entrar em campo sem os titulares liberados para as sele\u00e7\u00f5es sul-americanas.<\/p>\n<\/div>\n<div>\n<blockquote><p>&#8220;Todos os campeonatos no mundo inteiro param, n\u00e3o tem jogo, s\u00f3 o Brasil continua. Enquanto for assim, a CBF prejudica o futebol brasileiro&#8221;, disparou.<\/p><\/blockquote>\n<\/div>\n<div><\/div>\n<div>\n<p>O ex-jogador cita como exemplo disso o efeito no desempenho do Flamengo. &#8220;N\u00e3o faz sentido um time investir milh\u00f5es para comprar um jogador e depois acontece de estar na 10\u00aa rodada e ele ainda n\u00e3o ter jogado, porque est\u00e1 servindo \u00e0 Sele\u00e7\u00e3o. Isso n\u00e3o acontece na Inglaterra, na It\u00e1lia, na Alemanha, por isso, eles est\u00e3o na frente da gente&#8221;, apontou, referindo-se a Gabriel Barbosa, do Flamengo.<\/p>\n<\/div>\n<div>\n<p>Zico lamentou que, na maior parte do mundo, ningu\u00e9m mais adquire o Campeonato Brasileiro. &#8220;H\u00e1 uma dificuldade enorme para assistir. Seja em pay-per-view, SKY, ningu\u00e9m quer comprar, porque \u00e9 essa bagun\u00e7a danada.&#8221;<\/p>\n<p><b>Aposentadoria<\/b><\/p>\n<\/div>\n<div>\n<p>Curtir os netos \u00e9 a prioridade agora. Aos 68 anos, disse que se aposentou da atua\u00e7\u00e3o profissional no futebol depois de concluir o trabalho h\u00e1 um m\u00eas como diretor t\u00e9cnico do Kashima Antlers, no Jap\u00e3o. Descarta assumir qualquer fun\u00e7\u00e3o em algum clube. &#8220;Agora eu quero ter tempo para ser av\u00f4&#8221;, \u00a0disse ele, que tem nove netos.<\/p>\n<p><b>Sebrae-DF\u00a0<\/b><\/p>\n<\/div>\n<div>\n<p>O Galinho de Quintino esteve ontem em Bras\u00edlia para uma reuni\u00e3o no Sebrae-DF, como convidado especial do superintendente regional da entidade, Valdir Oliveira. Zico vai participar de um projeto na capital federal voltado a alunos da rede p\u00fablica sobre educa\u00e7\u00e3o empreendedora.<\/p>\n<\/div>\n<div><\/div>\n<div><\/div>\n<div>\n<p>&#8220;Aceitei a parceria por conhecer h\u00e1 muitos anos o trabalho s\u00e9rio do Valdir e do Sebrae.&#8221; Eterno flamenguista de cora\u00e7\u00e3o, ele permaneceu poucas horas em Bras\u00edlia e retornou ontem para o Rio de Janeiro. Mas volta em breve para come\u00e7ar o novo projeto.<\/p>\n<\/div>\n<div><b>Copa\u00a0<\/b><\/div>\n<div><\/div>\n<div><\/div>\n<div>\n<p>Perguntado sobre quais s\u00e3o os nomes que se destacam atualmente no futebol brasileiro, disse que Neymar ainda mant\u00e9m o reinado. Mas que a revela\u00e7\u00e3o e grande promessa \u00e9 Vinicius Junior, que est\u00e1 no Real Madri.<\/p>\n<p><img loading=\"lazy\" decoding=\"async\" class=\"aligncenter size-medium wp-image-6313\" src=\"https:\/\/blogs.correiobraziliense.com.br\/capital-sa\/wp-content\/uploads\/sites\/59\/2021\/12\/F2B99567-FD2E-4D52-A9E3-EE3FA48F59B9-300x168.jpeg\" alt=\"\" width=\"300\" height=\"168\" srcset=\"https:\/\/blogs.correiobraziliense.com.br\/capital-sa\/wp-content\/uploads\/sites\/59\/2021\/12\/F2B99567-FD2E-4D52-A9E3-EE3FA48F59B9.jpeg 300w, https:\/\/blogs.correiobraziliense.com.br\/capital-sa\/wp-content\/uploads\/sites\/59\/2021\/12\/F2B99567-FD2E-4D52-A9E3-EE3FA48F59B9-230x129.jpeg 230w\" sizes=\"auto, (max-width: 300px) 100vw, 300px\" \/><\/p>\n<\/div>\n<div><\/div>\n<div>\n<p>Sobre as chances de o Brasil ganhar a Copa de 2022, lembrou que o pa\u00eds \u00e9 sempre uma caixinha de surpresas. \u00a0&#8220;Voc\u00ea pode estar em um p\u00e9ssimo momento de administra\u00e7\u00e3o, de tudo, e chegar l\u00e1 e ganhar a Copa do Mundo, porque depende dos jogadores dentro do campo.&#8221;<\/p>\n<\/div>\n<div><b>Pol\u00edtica<\/b><\/div>\n<div>\n<p>O craque se diz meio decepcionado com a pol\u00edtica. &#8220;O problema do Brasil \u00e9 a descontinuidade administrativa. Fiz parcerias para levar o esporte e a educa\u00e7\u00e3o a crian\u00e7as e jovens com prefeituras que, ao mudarem de gest\u00e3o, foram interrompidas por causa de vaidades pol\u00edticas&#8221;, lamentou. Ele lembrou que j\u00e1 teve 60 mil alunos nas escolinhas de futebol no pa\u00eds.<\/p>\n<p>Agora est\u00e1 empolgado com o novo projeto no Distrito Federal em parceria com o Sebrae local. &#8220;Eu morei no sub\u00farbio do Rio de Janeiro. Eu cursei o prim\u00e1rio e o gin\u00e1sio na escola p\u00fablica, fazendo concurso. E isso (estudo) fez muita diferen\u00e7a na minha vida. N\u00e3o deixei de fazer faculdade porque estava na Sele\u00e7\u00e3o, continuei estudando&#8221;, contou.<\/p>\n<\/div>\n","protected":false},"excerpt":{"rendered":"<p>Por Samanta Sallum Em entrevista exclusiva ao Correio na capital, o maior \u00eddolo da hist\u00f3ria do Flamengo critica a dificuldade para assistir a um jogo do Brasileir\u00e3o no exterior, o calend\u00e1rio da CBF e cita o caso de Gabigol \u2014 que s\u00f3 entrou em campo na d\u00e9cima rodada \u00a0 Rec\u00e9m-chegado ao Brasil da sua \u00faltima temporada no Jap\u00e3o, Arthur Antunes [&hellip;]<\/p>\n","protected":false},"author":125,"featured_media":6316,"comment_status":"open","ping_status":"open","sticky":false,"template":"","format":"standard","meta":{"footnotes":""},"categories":[6],"tags":[667,669,666,665,668,663,664],"class_list":["post-6282","post","type-post","status-publish","format-standard","has-post-thumbnail","hentry","category-coluna-capital-s-a","tag-cbf","tag-copadomundo2022","tag-desorganizacao","tag-futebol","tag-selecao","tag-zico","tag-craque"],"_links":{"self":[{"href":"https:\/\/blogs.correiobraziliense.com.br\/capital-sa\/wp-json\/wp\/v2\/posts\/6282","targetHints":{"allow":["GET"]}}],"collection":[{"href":"https:\/\/blogs.correiobraziliense.com.br\/capital-sa\/wp-json\/wp\/v2\/posts"}],"about":[{"href":"https:\/\/blogs.correiobraziliense.com.br\/capital-sa\/wp-json\/wp\/v2\/types\/post"}],"author":[{"embeddable":true,"href":"https:\/\/blogs.correiobraziliense.com.br\/capital-sa\/wp-json\/wp\/v2\/users\/125"}],"replies":[{"embeddable":true,"href":"https:\/\/blogs.correiobraziliense.com.br\/capital-sa\/wp-json\/wp\/v2\/comments?post=6282"}],"version-history":[{"count":29,"href":"https:\/\/blogs.correiobraziliense.com.br\/capital-sa\/wp-json\/wp\/v2\/posts\/6282\/revisions"}],"predecessor-version":[{"id":6330,"href":"https:\/\/blogs.correiobraziliense.com.br\/capital-sa\/wp-json\/wp\/v2\/posts\/6282\/revisions\/6330"}],"wp:featuredmedia":[{"embeddable":true,"href":"https:\/\/blogs.correiobraziliense.com.br\/capital-sa\/wp-json\/wp\/v2\/media\/6316"}],"wp:attachment":[{"href":"https:\/\/blogs.correiobraziliense.com.br\/capital-sa\/wp-json\/wp\/v2\/media?parent=6282"}],"wp:term":[{"taxonomy":"category","embeddable":true,"href":"https:\/\/blogs.correiobraziliense.com.br\/capital-sa\/wp-json\/wp\/v2\/categories?post=6282"},{"taxonomy":"post_tag","embeddable":true,"href":"https:\/\/blogs.correiobraziliense.com.br\/capital-sa\/wp-json\/wp\/v2\/tags?post=6282"}],"curies":[{"name":"wp","href":"https:\/\/api.w.org\/{rel}","templated":true}]}}