{"id":6241,"date":"2021-12-19T03:48:36","date_gmt":"2021-12-19T06:48:36","guid":{"rendered":"https:\/\/blogs.correiobraziliense.com.br\/capital-sa\/?p=6241"},"modified":"2021-12-20T14:58:52","modified_gmt":"2021-12-20T17:58:52","slug":"novos-instrumentos-e-casa-provisoria-para-a-orquestra-do-teatro-nacional","status":"publish","type":"post","link":"https:\/\/blogs.correiobraziliense.com.br\/capital-sa\/2021\/12\/19\/novos-instrumentos-e-casa-provisoria-para-a-orquestra-do-teatro-nacional\/","title":{"rendered":"Novos instrumentos e \u201ccasa provis\u00f3ria\u201d para a Orquestra do Teatro Nacional"},"content":{"rendered":"<div><\/div>\n<div><\/div>\n<div><\/div>\n<div><\/div>\n<div><\/div>\n<div><\/div>\n<div><\/div>\n<div>\n<p>A Orquestra Sinf\u00f4nica do Teatro Nacional ganhou uma aten\u00e7\u00e3o especial da Secretaria de Cultura e Economia Criativa: mais de R$ 600 mil foram aplicados este ano para troca de equipamentos, incluindo a imponente harpa que tinha mais de 30 anos e precisava se aposentar. Um novo modelo Grand Concert foi adquirido para estrear em breve ao lado de outros novos instrumentos.<\/p>\n<\/div>\n<div><\/div>\n<div>\n<p>Segundo o secret\u00e1rio Bartolomeu Rodrigues, enquanto n\u00e3o saem as obras de reforma do Teatro Nacional, a orquestra vai se revezar nas apresenta\u00e7\u00f5es entre o audit\u00f3rio do Museu da Rep\u00fablica e a Sala Pl\u00ednio Marcos, do antigo complexo Funarte. O espa\u00e7o agora vai se chamar Centro Ibero-Americano de Culturas.<\/p>\n<\/div>\n<div><\/div>\n<div>&#8220;Estamos fazendo uma reforma na sala para que se torne a casa provis\u00f3ria da orquestra. O local \u00e9 ideal, com espa\u00e7o suficiente, confort\u00e1vel e estacionamento&#8221;, diz.<\/div>\n","protected":false},"excerpt":{"rendered":"<p>A Orquestra Sinf\u00f4nica do Teatro Nacional ganhou uma aten\u00e7\u00e3o especial da Secretaria de Cultura e Economia Criativa: mais de R$ 600 mil foram aplicados este ano para troca de equipamentos, incluindo a imponente harpa que tinha mais de 30 anos e precisava se aposentar. Um novo modelo Grand Concert foi adquirido para estrear em breve ao lado de outros novos [&hellip;]<\/p>\n","protected":false},"author":125,"featured_media":6251,"comment_status":"open","ping_status":"open","sticky":false,"template":"","format":"standard","meta":{"footnotes":""},"categories":[6],"tags":[655,654,653,656],"class_list":["post-6241","post","type-post","status-publish","format-standard","has-post-thumbnail","hentry","category-coluna-capital-s-a","tag-centroibero-americano","tag-investimento","tag-orquestra","tag-reforma"],"_links":{"self":[{"href":"https:\/\/blogs.correiobraziliense.com.br\/capital-sa\/wp-json\/wp\/v2\/posts\/6241","targetHints":{"allow":["GET"]}}],"collection":[{"href":"https:\/\/blogs.correiobraziliense.com.br\/capital-sa\/wp-json\/wp\/v2\/posts"}],"about":[{"href":"https:\/\/blogs.correiobraziliense.com.br\/capital-sa\/wp-json\/wp\/v2\/types\/post"}],"author":[{"embeddable":true,"href":"https:\/\/blogs.correiobraziliense.com.br\/capital-sa\/wp-json\/wp\/v2\/users\/125"}],"replies":[{"embeddable":true,"href":"https:\/\/blogs.correiobraziliense.com.br\/capital-sa\/wp-json\/wp\/v2\/comments?post=6241"}],"version-history":[{"count":10,"href":"https:\/\/blogs.correiobraziliense.com.br\/capital-sa\/wp-json\/wp\/v2\/posts\/6241\/revisions"}],"predecessor-version":[{"id":6277,"href":"https:\/\/blogs.correiobraziliense.com.br\/capital-sa\/wp-json\/wp\/v2\/posts\/6241\/revisions\/6277"}],"wp:featuredmedia":[{"embeddable":true,"href":"https:\/\/blogs.correiobraziliense.com.br\/capital-sa\/wp-json\/wp\/v2\/media\/6251"}],"wp:attachment":[{"href":"https:\/\/blogs.correiobraziliense.com.br\/capital-sa\/wp-json\/wp\/v2\/media?parent=6241"}],"wp:term":[{"taxonomy":"category","embeddable":true,"href":"https:\/\/blogs.correiobraziliense.com.br\/capital-sa\/wp-json\/wp\/v2\/categories?post=6241"},{"taxonomy":"post_tag","embeddable":true,"href":"https:\/\/blogs.correiobraziliense.com.br\/capital-sa\/wp-json\/wp\/v2\/tags?post=6241"}],"curies":[{"name":"wp","href":"https:\/\/api.w.org\/{rel}","templated":true}]}}