{"id":6225,"date":"2021-12-18T15:17:18","date_gmt":"2021-12-18T18:17:18","guid":{"rendered":"https:\/\/blogs.correiobraziliense.com.br\/capital-sa\/?p=6225"},"modified":"2021-12-20T15:00:48","modified_gmt":"2021-12-20T18:00:48","slug":"cores-e-aromas-natalinos-em-caixa-magica-da-flo","status":"publish","type":"post","link":"https:\/\/blogs.correiobraziliense.com.br\/capital-sa\/2021\/12\/18\/cores-e-aromas-natalinos-em-caixa-magica-da-flo\/","title":{"rendered":"Cores e aromas natalinos em caixa m\u00e1gica da Fl\u00f4"},"content":{"rendered":"<div><\/div>\n<div>\n<p><span style=\"font-size: large\">A floricultura Fl\u00f4, na 315 Sul, preparou uma Caixa Natal M\u00e1gico, que \u00e9 arom\u00e1tica, vem com difusor de barro e casti\u00e7al exclusivos, vela, estrela de croch\u00ea e chocolate. Todos os itens feitos \u00e0 m\u00e3o por produtores locais.<\/span><\/p>\n<\/div>\n<div>\n<p><span style=\"font-size: large\">Outro destaque s\u00e3o os arranjos nos c\u00e1lices de barro e vasos de vidro para decora\u00e7\u00e3o da mesa de Natal com uma sele\u00e7\u00e3o de flores marcantes e paletas de cores numa releitura das cl\u00e1ssicas, com um toque mais contempor\u00e2neo.<\/span><\/p>\n<p>&nbsp;<\/p>\n<\/div>\n<div><span style=\"font-size: large\">As encomendas v\u00e3o at\u00e9 esta segunda-feira, 20\/12, podendo ser agendadas pelo site ou na loja. A Fl\u00f4 \u00e9 da design brasiliense Mariana Oliveira, 32 anos, que valoriza os artes\u00e3os da capital federal.<\/span><\/div>\n<div><\/div>\n<div>Site<\/div>\n<div><\/div>\n<div>https:\/\/www.queroflo.com<\/div>\n<div><\/div>\n","protected":false},"excerpt":{"rendered":"<p>A floricultura Fl\u00f4, na 315 Sul, preparou uma Caixa Natal M\u00e1gico, que \u00e9 arom\u00e1tica, vem com difusor de barro e casti\u00e7al exclusivos, vela, estrela de croch\u00ea e chocolate. Todos os itens feitos \u00e0 m\u00e3o por produtores locais. Outro destaque s\u00e3o os arranjos nos c\u00e1lices de barro e vasos de vidro para decora\u00e7\u00e3o da mesa de Natal com uma sele\u00e7\u00e3o de [&hellip;]<\/p>\n","protected":false},"author":125,"featured_media":6231,"comment_status":"open","ping_status":"open","sticky":false,"template":"","format":"standard","meta":{"footnotes":""},"categories":[6],"tags":[658,659,77,657],"class_list":["post-6225","post","type-post","status-publish","format-standard","has-post-thumbnail","hentry","category-coluna-capital-s-a","tag-caixanatalmagico","tag-encomendas-natal","tag-flores","tag-queroflo"],"_links":{"self":[{"href":"https:\/\/blogs.correiobraziliense.com.br\/capital-sa\/wp-json\/wp\/v2\/posts\/6225","targetHints":{"allow":["GET"]}}],"collection":[{"href":"https:\/\/blogs.correiobraziliense.com.br\/capital-sa\/wp-json\/wp\/v2\/posts"}],"about":[{"href":"https:\/\/blogs.correiobraziliense.com.br\/capital-sa\/wp-json\/wp\/v2\/types\/post"}],"author":[{"embeddable":true,"href":"https:\/\/blogs.correiobraziliense.com.br\/capital-sa\/wp-json\/wp\/v2\/users\/125"}],"replies":[{"embeddable":true,"href":"https:\/\/blogs.correiobraziliense.com.br\/capital-sa\/wp-json\/wp\/v2\/comments?post=6225"}],"version-history":[{"count":15,"href":"https:\/\/blogs.correiobraziliense.com.br\/capital-sa\/wp-json\/wp\/v2\/posts\/6225\/revisions"}],"predecessor-version":[{"id":6279,"href":"https:\/\/blogs.correiobraziliense.com.br\/capital-sa\/wp-json\/wp\/v2\/posts\/6225\/revisions\/6279"}],"wp:featuredmedia":[{"embeddable":true,"href":"https:\/\/blogs.correiobraziliense.com.br\/capital-sa\/wp-json\/wp\/v2\/media\/6231"}],"wp:attachment":[{"href":"https:\/\/blogs.correiobraziliense.com.br\/capital-sa\/wp-json\/wp\/v2\/media?parent=6225"}],"wp:term":[{"taxonomy":"category","embeddable":true,"href":"https:\/\/blogs.correiobraziliense.com.br\/capital-sa\/wp-json\/wp\/v2\/categories?post=6225"},{"taxonomy":"post_tag","embeddable":true,"href":"https:\/\/blogs.correiobraziliense.com.br\/capital-sa\/wp-json\/wp\/v2\/tags?post=6225"}],"curies":[{"name":"wp","href":"https:\/\/api.w.org\/{rel}","templated":true}]}}